{"id":6588,"date":"2012-10-11T11:20:08","date_gmt":"2012-10-11T11:20:08","guid":{"rendered":"http:\/\/entecultura.com.ar\/noticias\/?p=6588"},"modified":"2012-10-11T11:20:08","modified_gmt":"2012-10-11T11:20:08","slug":"san-jorge-propuesta-del-cine-olga-subarry","status":"publish","type":"post","link":"http:\/\/enteculturalsantafesino.com.ar\/usina1\/2012\/10\/san-jorge-propuesta-del-cine-olga-subarry\/","title":{"rendered":"SAN JORGE: PROPUESTA DEL \u00abCINE OLGA SUBARRY\u00bb"},"content":{"rendered":"<p>La Coordinadora de la Sala de Cine Olga Zubarry de la Municipalidad de San Jorge, informa <a href=\"http:\/\/enteculturalsantafesino.com.ar\/noticias\/wp-content\/uploads\/2012\/10\/tos-tenemos-un-plan.jpg\" rel=\"lightbox[6588]\"><img loading=\"lazy\" decoding=\"async\" class=\"alignright size-full wp-image-6589\" title=\"tos tenemos un plan\" src=\"http:\/\/enteculturalsantafesino.com.ar\/noticias\/wp-content\/uploads\/2012\/10\/tos-tenemos-un-plan.jpg\" alt=\"\" width=\"150\" height=\"78\" \/><\/a><\/p>\n<p>la programaci\u00f3n del fin de semana: TODOS TENEMOS UN PLAN.<\/p>\n<p>Cuenta la historia de Agust\u00edn, un hombre desesperado por abandonar lo que para \u00e9l, se ha ido convirtiendo en una existencia frustrante. Luego de la muerte de su hermano gemelo, Pedro, Agust\u00edn se propone comenzar una nueva vida.<\/p>\n<p>ACTORES: Daniel Fanego, Soledad Villamil, Viggo Mortensen.<\/p>\n<p>ACTORES SECUNDARIOS: Sof\u00eda Gala, Francisco Javier Godino.<\/p>\n<p>DIRECTOR: Ana Piterbarg.<\/p>\n<p>GENERO: Suspenso, Policial<\/p>\n<p>DURACION: 118 Minutos<\/p>\n<p>Apta mayores de 16 a\u00f1os<\/p>\n<p>S\u00c1BADO 13\/10\u00a0 22:00\u00a0 $ 15.-<\/p>\n<p>DOMINGO 14\/10\u00a0 21:30\u00a0 $ 15.-<\/p>\n<p>LUNES 15\/10\u00a0\u00a0 21:30\u00a0 $ 12.-<\/p>\n<p><em>\u00a0LA\u00a0 BOLETERIA ABRIR\u00c1 UNA HORA ANTES DE LA FUNCI\u00d3N<\/em><\/p>\n<p>&nbsp;<\/p>\n<p><!-- \/\/CONTENT --><\/p>\n","protected":false},"excerpt":{"rendered":"<p>La Coordinadora de la Sala de Cine Olga Zubarry de la Municipalidad de San Jorge, informa la [&hellip;]<\/p>\n","protected":false},"author":3,"featured_media":0,"comment_status":"open","ping_status":"open","sticky":false,"template":"","format":"standard","meta":{"_jetpack_memberships_contains_paid_content":false,"footnotes":"","jetpack_publicize_message":"","jetpack_publicize_feature_enabled":true,"jetpack_social_post_already_shared":false,"jetpack_social_options":{"image_generator_settings":{"template":"highway","enabled":false}}},"categories":[16],"tags":[],"jetpack_publicize_connections":[],"jetpack_sharing_enabled":true,"jetpack_featured_media_url":"","_links":{"self":[{"href":"http:\/\/enteculturalsantafesino.com.ar\/usina1\/wp-json\/wp\/v2\/posts\/6588"}],"collection":[{"href":"http:\/\/enteculturalsantafesino.com.ar\/usina1\/wp-json\/wp\/v2\/posts"}],"about":[{"href":"http:\/\/enteculturalsantafesino.com.ar\/usina1\/wp-json\/wp\/v2\/types\/post"}],"author":[{"embeddable":true,"href":"http:\/\/enteculturalsantafesino.com.ar\/usina1\/wp-json\/wp\/v2\/users\/3"}],"replies":[{"embeddable":true,"href":"http:\/\/enteculturalsantafesino.com.ar\/usina1\/wp-json\/wp\/v2\/comments?post=6588"}],"version-history":[{"count":0,"href":"http:\/\/enteculturalsantafesino.com.ar\/usina1\/wp-json\/wp\/v2\/posts\/6588\/revisions"}],"wp:attachment":[{"href":"http:\/\/enteculturalsantafesino.com.ar\/usina1\/wp-json\/wp\/v2\/media?parent=6588"}],"wp:term":[{"taxonomy":"category","embeddable":true,"href":"http:\/\/enteculturalsantafesino.com.ar\/usina1\/wp-json\/wp\/v2\/categories?post=6588"},{"taxonomy":"post_tag","embeddable":true,"href":"http:\/\/enteculturalsantafesino.com.ar\/usina1\/wp-json\/wp\/v2\/tags?post=6588"}],"curies":[{"name":"wp","href":"https:\/\/api.w.org\/{rel}","templated":true}]}}