{"id":6670,"date":"2012-10-17T13:27:49","date_gmt":"2012-10-17T13:27:49","guid":{"rendered":"http:\/\/entecultura.com.ar\/noticias\/?p=6670"},"modified":"2012-10-17T13:28:02","modified_gmt":"2012-10-17T13:28:02","slug":"el-trebol-se-proyectara-la-educacion-prohibida","status":"publish","type":"post","link":"http:\/\/enteculturalsantafesino.com.ar\/usina1\/2012\/10\/el-trebol-se-proyectara-la-educacion-prohibida\/","title":{"rendered":"EL TR\u00c9BOL: SE PROYECTAR\u00c1 \u00abLA EDUCACI\u00d3N PROHIBIDA\u00bb"},"content":{"rendered":"<p>La proyecci\u00f3n se realizar\u00e1 el jueves 18 de octubre, a las 20 horas, en la\u00a0<a href=\"http:\/\/enteculturalsantafesino.com.ar\/noticias\/wp-content\/uploads\/2012\/10\/proyeccion-educativa.png\" rel=\"lightbox[6670]\"><img loading=\"lazy\" decoding=\"async\" class=\"alignright size-medium wp-image-6671\" title=\"proyeccion educativa\" src=\"http:\/\/enteculturalsantafesino.com.ar\/noticias\/wp-content\/uploads\/2012\/10\/proyeccion-educativa-300x161.png\" alt=\"\" width=\"300\" height=\"161\" srcset=\"http:\/\/enteculturalsantafesino.com.ar\/usina1\/wp-content\/uploads\/2012\/10\/proyeccion-educativa-300x161.png 300w, http:\/\/enteculturalsantafesino.com.ar\/usina1\/wp-content\/uploads\/2012\/10\/proyeccion-educativa.png 544w\" sizes=\"(max-width: 300px) 100vw, 300px\" \/><\/a><\/p>\n<p>Instalaciones del Cine de la Sociedad Italiana de la ciudad de El Tr\u00e9bol, Se realizar\u00e1 la puesta en escena de la producci\u00f3n para todo p\u00fablico e interesados en la tem\u00e1tica de manera gratuita.<\/p>\n<p>Invitan a la proyecci\u00f3n la Direcci\u00f3n de Educaci\u00f3n y Cultura y el Gabinete Psicopedag\u00f3gico Municipal.<\/p>\n<p>El documental se propone cuestionar las l\u00f3gicas de la escolarizaci\u00f3n moderna y la forma de entender la educaci\u00f3n, visibilizando experiencias educativas diferentes, no convencionales que plantean la necesidad de un nuevo paradigma educativo.<\/p>\n","protected":false},"excerpt":{"rendered":"<p>La proyecci\u00f3n se realizar\u00e1 el jueves 18 de octubre, a las 20 horas, en la\u00a0 Instalaciones del [&hellip;]<\/p>\n","protected":false},"author":3,"featured_media":0,"comment_status":"open","ping_status":"open","sticky":false,"template":"","format":"standard","meta":{"_jetpack_memberships_contains_paid_content":false,"footnotes":"","jetpack_publicize_message":"","jetpack_publicize_feature_enabled":true,"jetpack_social_post_already_shared":false,"jetpack_social_options":{"image_generator_settings":{"template":"highway","enabled":false}}},"categories":[18,1],"tags":[],"jetpack_publicize_connections":[],"jetpack_sharing_enabled":true,"jetpack_featured_media_url":"","_links":{"self":[{"href":"http:\/\/enteculturalsantafesino.com.ar\/usina1\/wp-json\/wp\/v2\/posts\/6670"}],"collection":[{"href":"http:\/\/enteculturalsantafesino.com.ar\/usina1\/wp-json\/wp\/v2\/posts"}],"about":[{"href":"http:\/\/enteculturalsantafesino.com.ar\/usina1\/wp-json\/wp\/v2\/types\/post"}],"author":[{"embeddable":true,"href":"http:\/\/enteculturalsantafesino.com.ar\/usina1\/wp-json\/wp\/v2\/users\/3"}],"replies":[{"embeddable":true,"href":"http:\/\/enteculturalsantafesino.com.ar\/usina1\/wp-json\/wp\/v2\/comments?post=6670"}],"version-history":[{"count":0,"href":"http:\/\/enteculturalsantafesino.com.ar\/usina1\/wp-json\/wp\/v2\/posts\/6670\/revisions"}],"wp:attachment":[{"href":"http:\/\/enteculturalsantafesino.com.ar\/usina1\/wp-json\/wp\/v2\/media?parent=6670"}],"wp:term":[{"taxonomy":"category","embeddable":true,"href":"http:\/\/enteculturalsantafesino.com.ar\/usina1\/wp-json\/wp\/v2\/categories?post=6670"},{"taxonomy":"post_tag","embeddable":true,"href":"http:\/\/enteculturalsantafesino.com.ar\/usina1\/wp-json\/wp\/v2\/tags?post=6670"}],"curies":[{"name":"wp","href":"https:\/\/api.w.org\/{rel}","templated":true}]}}