{"id":6674,"date":"2012-10-17T13:30:08","date_gmt":"2012-10-17T13:30:08","guid":{"rendered":"http:\/\/entecultura.com.ar\/noticias\/?p=6674"},"modified":"2012-10-17T13:30:08","modified_gmt":"2012-10-17T13:30:08","slug":"san-jorge-se-proyecta-dias-de-vinilo","status":"publish","type":"post","link":"http:\/\/enteculturalsantafesino.com.ar\/usina1\/2012\/10\/san-jorge-se-proyecta-dias-de-vinilo\/","title":{"rendered":"SAN JORGE: SE PROYECTA \u00abD\u00cdAS DE VINILO\u00bb"},"content":{"rendered":"<p>La Coordinadora de la Sala de Cine Olga Zubarry de la Municipalidad de San Jorge, informa la <a href=\"http:\/\/enteculturalsantafesino.com.ar\/noticias\/wp-content\/uploads\/2012\/10\/DIAS-VINILO.jpg\" rel=\"lightbox[6674]\"><img loading=\"lazy\" decoding=\"async\" class=\"alignright size-full wp-image-6675\" title=\"DIAS VINILO\" src=\"http:\/\/enteculturalsantafesino.com.ar\/noticias\/wp-content\/uploads\/2012\/10\/DIAS-VINILO.jpg\" alt=\"\" width=\"150\" height=\"150\" \/><\/a><\/p>\n<p>programaci\u00f3n del fin de semana: D\u00cdAS DE VINILO.<\/p>\n<p>Del creador de Todos contra Juan. Dami\u00e1n, Marcelo, Luciano y Facundo son cuatro amigos treinta\u00f1eros cuya relaci\u00f3n est\u00e1 atravesada por tres grandes temas: la m\u00fasica, la amistad y las mujeres. Todos ellos se enamoran y se desenamoran; algunos con la persona indicada, otros con la equivocada. El amor comienza y acaba. Y, a la vuelta de la esquina, puede comenzar nuevamente.<\/p>\n<p>ACTORES: Gast\u00f3n Pauls, Fern\u00e1n Mir\u00e1s, Emilia Attias.<\/p>\n<p>ACTORES SECUNDARIOS: Carolina Peleritti, In\u00e9s Efr\u00f3n.<\/p>\n<p>DIRECTOR: Gabriel Nesci.<\/p>\n<p>GENERO: Romance, Comedia &#8211; DURACION: 116 Minutos &#8211; Apta todo p\u00fablico.<\/p>\n<p>S\u00c1BADO 20\/10\u00a0 22:00\u00a0 $ 15.-<\/p>\n<p>DOMINGO 21\/10\u00a0 21:30\u00a0 $ 15.-<\/p>\n<p>LUNES\u00a0 22\/10\u00a0 21:30\u00a0 $ 12.-<\/p>\n<p><em>LA BOLETERIA ABRIRA UNA HORA ANTES DE LA FUNCI\u00d3N<\/em><\/p>\n","protected":false},"excerpt":{"rendered":"<p>La Coordinadora de la Sala de Cine Olga Zubarry de la Municipalidad de San Jorge, informa la [&hellip;]<\/p>\n","protected":false},"author":3,"featured_media":0,"comment_status":"open","ping_status":"open","sticky":false,"template":"","format":"standard","meta":{"_jetpack_memberships_contains_paid_content":false,"footnotes":"","jetpack_publicize_message":"","jetpack_publicize_feature_enabled":true,"jetpack_social_post_already_shared":false,"jetpack_social_options":{"image_generator_settings":{"template":"highway","enabled":false}}},"categories":[16],"tags":[],"jetpack_publicize_connections":[],"jetpack_sharing_enabled":true,"jetpack_featured_media_url":"","_links":{"self":[{"href":"http:\/\/enteculturalsantafesino.com.ar\/usina1\/wp-json\/wp\/v2\/posts\/6674"}],"collection":[{"href":"http:\/\/enteculturalsantafesino.com.ar\/usina1\/wp-json\/wp\/v2\/posts"}],"about":[{"href":"http:\/\/enteculturalsantafesino.com.ar\/usina1\/wp-json\/wp\/v2\/types\/post"}],"author":[{"embeddable":true,"href":"http:\/\/enteculturalsantafesino.com.ar\/usina1\/wp-json\/wp\/v2\/users\/3"}],"replies":[{"embeddable":true,"href":"http:\/\/enteculturalsantafesino.com.ar\/usina1\/wp-json\/wp\/v2\/comments?post=6674"}],"version-history":[{"count":0,"href":"http:\/\/enteculturalsantafesino.com.ar\/usina1\/wp-json\/wp\/v2\/posts\/6674\/revisions"}],"wp:attachment":[{"href":"http:\/\/enteculturalsantafesino.com.ar\/usina1\/wp-json\/wp\/v2\/media?parent=6674"}],"wp:term":[{"taxonomy":"category","embeddable":true,"href":"http:\/\/enteculturalsantafesino.com.ar\/usina1\/wp-json\/wp\/v2\/categories?post=6674"},{"taxonomy":"post_tag","embeddable":true,"href":"http:\/\/enteculturalsantafesino.com.ar\/usina1\/wp-json\/wp\/v2\/tags?post=6674"}],"curies":[{"name":"wp","href":"https:\/\/api.w.org\/{rel}","templated":true}]}}