{"id":6685,"date":"2012-10-17T13:48:50","date_gmt":"2012-10-17T13:48:50","guid":{"rendered":"http:\/\/entecultura.com.ar\/noticias\/?p=6685"},"modified":"2012-10-17T13:48:50","modified_gmt":"2012-10-17T13:48:50","slug":"carlos-pellegrini-se-proyecta-prometeo","status":"publish","type":"post","link":"http:\/\/enteculturalsantafesino.com.ar\/usina1\/2012\/10\/carlos-pellegrini-se-proyecta-prometeo\/","title":{"rendered":"CARLOS PELLEGRINI: SE PROYECTA \u00abPROMETEO\u00bb"},"content":{"rendered":"<p>La <strong>Sala de Cine Soledad Villamil se prepara para estrenar otra pel\u00edcula<\/strong> <a href=\"http:\/\/enteculturalsantafesino.com.ar\/noticias\/wp-content\/uploads\/2012\/10\/PROMETEO.png\" rel=\"lightbox[6685]\"><img loading=\"lazy\" decoding=\"async\" class=\"alignright size-full wp-image-6686\" title=\"PROMETEO\" src=\"http:\/\/enteculturalsantafesino.com.ar\/noticias\/wp-content\/uploads\/2012\/10\/PROMETEO.png\" alt=\"\" width=\"225\" height=\"225\" srcset=\"http:\/\/enteculturalsantafesino.com.ar\/usina1\/wp-content\/uploads\/2012\/10\/PROMETEO.png 225w, http:\/\/enteculturalsantafesino.com.ar\/usina1\/wp-content\/uploads\/2012\/10\/PROMETEO-150x150.png 150w\" sizes=\"(max-width: 225px) 100vw, 225px\" \/><\/a><\/p>\n<p>durante el fin de semana.<br \/>\nProyectar\u00e1n la pel\u00edcula <strong>PROMETEO<\/strong> Funciones: SABADO 20 A LAS 22HS.<br \/>\nDOMINGO 21 Y LUNES 22 A LAS 21 HS. Entrada $20 Sinopsis: En el a\u00f1o 2058 unas excavaciones arqueol\u00f3gicas en \u00c1frica revelan los restos que demuestran que los humanos fueron creados gen\u00e9ticamente por una raza alien\u00edgena avanzada. Considerados como dioses, estos seres se cree que tambi\u00e9n modificaron el aspecto de nuestro planeta para hacerlo habitable. Junto a este gran descubrimiento, se encontraron tambi\u00e9n las coordenadas que permiten llegar al planeta de nuestros creadores. Pero la b\u00fasqueda de nuestros or\u00edgenes&#8230;puede llevarnos a nuestro final.<br \/>\nTITULO ORIGINAL: Prometheus ORIGEN: Estados Unidos. ACTORES: Guy Pearce, Charlize Theron, Michael Fassbender. ACTORES SECUNDARIOS: Noomi Rapace, Patrick Wilson . DIRECTOR: Ridley Scott. FOTOGRAFIA: Dariusz Wolski. GUION: Jon Spaihts, Damon Lindelof. M\u00faSICA: Marc Streitenfeld. GENERO: Ciencia Ficci\u00f3n, Drama, Terror. DURACION: 124 Minutos CALIFICACION: Apta mayores de 13 a\u00f1os con reservas.<\/p>\n","protected":false},"excerpt":{"rendered":"<p>La Sala de Cine Soledad Villamil se prepara para estrenar otra pel\u00edcula durante el fin de semana. [&hellip;]<\/p>\n","protected":false},"author":3,"featured_media":0,"comment_status":"open","ping_status":"open","sticky":false,"template":"","format":"standard","meta":{"_jetpack_memberships_contains_paid_content":false,"footnotes":"","jetpack_publicize_message":"","jetpack_publicize_feature_enabled":true,"jetpack_social_post_already_shared":false,"jetpack_social_options":{"image_generator_settings":{"template":"highway","enabled":false}}},"categories":[23],"tags":[],"jetpack_publicize_connections":[],"jetpack_sharing_enabled":true,"jetpack_featured_media_url":"","_links":{"self":[{"href":"http:\/\/enteculturalsantafesino.com.ar\/usina1\/wp-json\/wp\/v2\/posts\/6685"}],"collection":[{"href":"http:\/\/enteculturalsantafesino.com.ar\/usina1\/wp-json\/wp\/v2\/posts"}],"about":[{"href":"http:\/\/enteculturalsantafesino.com.ar\/usina1\/wp-json\/wp\/v2\/types\/post"}],"author":[{"embeddable":true,"href":"http:\/\/enteculturalsantafesino.com.ar\/usina1\/wp-json\/wp\/v2\/users\/3"}],"replies":[{"embeddable":true,"href":"http:\/\/enteculturalsantafesino.com.ar\/usina1\/wp-json\/wp\/v2\/comments?post=6685"}],"version-history":[{"count":0,"href":"http:\/\/enteculturalsantafesino.com.ar\/usina1\/wp-json\/wp\/v2\/posts\/6685\/revisions"}],"wp:attachment":[{"href":"http:\/\/enteculturalsantafesino.com.ar\/usina1\/wp-json\/wp\/v2\/media?parent=6685"}],"wp:term":[{"taxonomy":"category","embeddable":true,"href":"http:\/\/enteculturalsantafesino.com.ar\/usina1\/wp-json\/wp\/v2\/categories?post=6685"},{"taxonomy":"post_tag","embeddable":true,"href":"http:\/\/enteculturalsantafesino.com.ar\/usina1\/wp-json\/wp\/v2\/tags?post=6685"}],"curies":[{"name":"wp","href":"https:\/\/api.w.org\/{rel}","templated":true}]}}