{"id":670,"date":"2011-08-27T20:05:52","date_gmt":"2011-08-27T20:05:52","guid":{"rendered":"http:\/\/entecultura.com.ar\/noticias\/?p=670"},"modified":"2011-08-27T20:06:09","modified_gmt":"2011-08-27T20:06:09","slug":"cioff-reunion-anual-en-las-parejas","status":"publish","type":"post","link":"http:\/\/enteculturalsantafesino.com.ar\/usina1\/2011\/08\/cioff-reunion-anual-en-las-parejas\/","title":{"rendered":"CIOFF: REUNI\u00d3N ANUAL EN LAS PAREJAS"},"content":{"rendered":"<p><a href=\"http:\/\/enteculturalsantafesino.com.ar\/noticias\/wp-content\/uploads\/2011\/08\/ciof-reunion-lp.jpg\" rel=\"lightbox[670]\"><img loading=\"lazy\" decoding=\"async\" class=\"alignright size-medium wp-image-671\" title=\"ciof reunion lp\" src=\"http:\/\/enteculturalsantafesino.com.ar\/noticias\/wp-content\/uploads\/2011\/08\/ciof-reunion-lp-300x225.jpg\" alt=\"\" width=\"300\" height=\"225\" srcset=\"http:\/\/enteculturalsantafesino.com.ar\/usina1\/wp-content\/uploads\/2011\/08\/ciof-reunion-lp-300x225.jpg 300w, http:\/\/enteculturalsantafesino.com.ar\/usina1\/wp-content\/uploads\/2011\/08\/ciof-reunion-lp.jpg 320w\" sizes=\"(max-width: 300px) 100vw, 300px\" \/><\/a>Una vez m\u00e1s la Comisi\u00f3n de J\u00f3venes se dio sitio los<br \/>\nd\u00edas 19, 20 y 21 de Agosto para analizar los correspondientes trabajos<br \/>\nrealizados desde la \u00faltima Asamblea en la ciudad de Santa Fe hasta ahora,<br \/>\ncompartir experiencias sobre la realizaci\u00f3n de los distintos programas que se<br \/>\nllevan adelante en forma individual o conjunta, planificar nuevas metas y<br \/>\ndelinear formas de trabajo.<br \/>\nEsta vez la sede organizadora fue Las Parejas y<br \/>\nlas sesiones de llevaron a cabo en el Concejo Municipal de dicha ciudad.<br \/>\nEstuvieron presentes las sedes de Piran\u00e9-Formosa, Helvecia-Santa Fe,<br \/>\nBrinkmann-Cordoba, Santa fe-Santa Fe y la sede anfitriona Las Parejas-Santa Fe.<br \/>\nTambi\u00e9n contamos con la presencia de J\u00f3venes de Crespo-Entre R\u00edos las cuales<br \/>\nest\u00e1n conociendo el movimiento.<br \/>\nAdem\u00e1s de trabajar sobre lo ya mencionado,<br \/>\nel d\u00eda viernes 19 a las 14:30 Hs. todos los j\u00f3venes implementamos el \u201cPrograma<br \/>\nMundial de Revalorizaci\u00f3n de Juegos Tradicionales y Populares\u201d con los alumnos<br \/>\ndel turno tarde de la Escuela N\u00b0 648 Ovidio Lagos. All\u00ed y despu\u00e9s de haber<br \/>\nrealizado los sorteos del D\u00eda del Ni\u00f1o que organizaba el Club de Madres y la<br \/>\nCooperadora Escolar, los ni\u00f1os de entre 6 y 10 a\u00f1os recorrieron el circuito que<br \/>\nlos j\u00f3venes hab\u00edamos preparado. Rayuelas, Sogas, El\u00e1sticos, Payanas, Bolitas,<br \/>\nGallito Ciego y Cola de Zorro, fueron distintos juegos los cuales le propusimos.<br \/>\nEntusiasmad\u00edsimos corrieron felices y apurados para pasar por cada una de las<br \/>\npostas. Tambi\u00e9n dejaron su marquita en distintos afiches sobre los cuales<br \/>\nplasmaron con mucho colorido manifestaciones de agradecimiento y a los juegos<br \/>\nque ellos practican en sus ratos libres y recreos.<br \/>\nEl d\u00eda s\u00e1bado 20 se<br \/>\nrealizo una conferencia de prensa en la que se invito a autoridades locales y<br \/>\np\u00fablico en general donde se abordaron temas bajo el t\u00edtulo \u201cC.I.O.F.F. Juvenil y<br \/>\nsu accionar\u201d. Adem\u00e1s esa misma noche se particip\u00f3 en la Cena 25\u00b0 Aniversario de<br \/>\nla Escuela Especial de la ciudad, regal\u00e1ndoles al p\u00fablico y a los ni\u00f1os algunas<br \/>\nDanzas Tradicionales en la que participaron todos los j\u00f3venes de las sedes<br \/>\npresentes.<br \/>\nEn el \u00faltimo d\u00eda de la reuni\u00f3n, y ya finalizando una exitosa<br \/>\njornada de trabajo realizamos una prueba piloto en la implementaci\u00f3n del<br \/>\nPrograma de \u201cEl Oficio de\u2026..\u201d en un oficio que se est\u00e1 siendo investigando<br \/>\nconjuntamente en todas las sedes de la comisi\u00f3n. La convocatoria fue muy buena y<br \/>\nalgunas maestras jubiladas compartieron entre tortas y caf\u00e9, sus experiencias<br \/>\nlaborales, sus an\u00e9cdotas, hechos humanos y el contexto en el cual trabajaban.<br \/>\nEntre risas y alguna lagrimita se cay\u00f3 por la mejilla de una de ellas, pudimos<br \/>\nconocer m\u00e1s sobre este oficio, que fue y es muy importante en nuestro pa\u00eds.<\/p>\n<p>La sede organizadora Las Parejas, esta m\u00e1s que satisfecha de haber podido<br \/>\ncelebrar un nuevo acontecimiento en C.I.O.F.F. Juvenil. Queremos agradecer a los<br \/>\nConcejales de la ciudad por habernos prestado su casa, al cuerpo directivo,<br \/>\ncooperadores y club de madres de la Escuela N\u00b0 648 Ovidio Lagos por permitir que<br \/>\nllevemos nuestros sue\u00f1os e inquietudes a su instituci\u00f3n, a la Sra. Alicia P\u00e9rez<br \/>\nMontalvo, al Sr. Mirko D\u2019Ascanio, a la Sra. Ines D\u2019Angelo y a la Sra. Marta<br \/>\nkatavic por apoyar y hacer posible de una u otra manera, una vez m\u00e1s, una<br \/>\nexitosa y productiva Reuni\u00f3n Anual de J\u00f3venes C.I.O.F.F.<\/p>\n<p>Sede Las<br \/>\nParejas<\/p>\n","protected":false},"excerpt":{"rendered":"<p>Una vez m\u00e1s la Comisi\u00f3n de J\u00f3venes se dio sitio los d\u00edas 19, 20 y 21 de [&hellip;]<\/p>\n","protected":false},"author":3,"featured_media":0,"comment_status":"open","ping_status":"open","sticky":false,"template":"","format":"standard","meta":{"_jetpack_memberships_contains_paid_content":false,"footnotes":"","jetpack_publicize_message":"","jetpack_publicize_feature_enabled":true,"jetpack_social_post_already_shared":false,"jetpack_social_options":{"image_generator_settings":{"template":"highway","enabled":false}}},"categories":[4,1,24],"tags":[],"jetpack_publicize_connections":[],"jetpack_sharing_enabled":true,"jetpack_featured_media_url":"","_links":{"self":[{"href":"http:\/\/enteculturalsantafesino.com.ar\/usina1\/wp-json\/wp\/v2\/posts\/670"}],"collection":[{"href":"http:\/\/enteculturalsantafesino.com.ar\/usina1\/wp-json\/wp\/v2\/posts"}],"about":[{"href":"http:\/\/enteculturalsantafesino.com.ar\/usina1\/wp-json\/wp\/v2\/types\/post"}],"author":[{"embeddable":true,"href":"http:\/\/enteculturalsantafesino.com.ar\/usina1\/wp-json\/wp\/v2\/users\/3"}],"replies":[{"embeddable":true,"href":"http:\/\/enteculturalsantafesino.com.ar\/usina1\/wp-json\/wp\/v2\/comments?post=670"}],"version-history":[{"count":0,"href":"http:\/\/enteculturalsantafesino.com.ar\/usina1\/wp-json\/wp\/v2\/posts\/670\/revisions"}],"wp:attachment":[{"href":"http:\/\/enteculturalsantafesino.com.ar\/usina1\/wp-json\/wp\/v2\/media?parent=670"}],"wp:term":[{"taxonomy":"category","embeddable":true,"href":"http:\/\/enteculturalsantafesino.com.ar\/usina1\/wp-json\/wp\/v2\/categories?post=670"},{"taxonomy":"post_tag","embeddable":true,"href":"http:\/\/enteculturalsantafesino.com.ar\/usina1\/wp-json\/wp\/v2\/tags?post=670"}],"curies":[{"name":"wp","href":"https:\/\/api.w.org\/{rel}","templated":true}]}}