{"id":6713,"date":"2012-10-19T22:55:13","date_gmt":"2012-10-19T22:55:13","guid":{"rendered":"http:\/\/entecultura.com.ar\/noticias\/?p=6713"},"modified":"2012-10-19T22:55:13","modified_gmt":"2012-10-19T22:55:13","slug":"otro-viernes-junto-a-ambito-c-el-programa-de-cultura","status":"publish","type":"post","link":"http:\/\/enteculturalsantafesino.com.ar\/usina1\/2012\/10\/otro-viernes-junto-a-ambito-c-el-programa-de-cultura\/","title":{"rendered":"OTRO VIERNES JUNTO A \u00ab\u00c1MBITO C\u00bb EL PROGRAMA DE CULTURA"},"content":{"rendered":"<p><span style=\"font-size: large;\">Como todos los viernes de 11 a 12 hs en los estudios de<a href=\"http:\/\/enteculturalsantafesino.com.ar\/noticias\/wp-content\/uploads\/2012\/10\/Logo-Ambito-C2.jpg\" rel=\"lightbox[6713]\"><img loading=\"lazy\" decoding=\"async\" class=\"alignright size-medium wp-image-6714\" title=\"Logo Ambito C\" src=\"http:\/\/enteculturalsantafesino.com.ar\/noticias\/wp-content\/uploads\/2012\/10\/Logo-Ambito-C2-263x300.jpg\" alt=\"\" width=\"263\" height=\"300\" srcset=\"http:\/\/enteculturalsantafesino.com.ar\/usina1\/wp-content\/uploads\/2012\/10\/Logo-Ambito-C2-263x300.jpg 263w, http:\/\/enteculturalsantafesino.com.ar\/usina1\/wp-content\/uploads\/2012\/10\/Logo-Ambito-C2.jpg 627w\" sizes=\"(max-width: 263px) 100vw, 263px\" \/><\/a><\/span><\/p>\n<p><span style=\"font-size: large;\">Fm Contacto 100.9- Las Parejas<\/span><span style=\"text-decoration: underline;\"><span style=\"font-size: large;\">\u00a0<\/span><\/span><a href=\"http:\/\/www.contactoradio.net\/\" target=\"_blank\"><span style=\"font-size: large;\">\u00a0<\/span><\/a><span style=\"font-size: large;\"> se emiti\u00f3 el Programa Radial N\u00b0 11 producido por el Ente Regional de Cultura<\/span><span style=\"font-size: large;\">\u00a0y auspiciado por el <em><strong>Senador del Depto. Castellano CPN Alcides Calvo. <\/strong><\/em><\/span><\/p>\n<p><a href=\"http:\/\/www.enteculturalsantafesino.com.ar\/ambitoc\" target=\"_blank\"><em><strong><span style=\"font-size: large;\">\u00abAmbito C\u00bb <\/span><\/strong><\/em><\/a><span style=\"font-size: large;\">propone la relaci\u00f3n y difusi\u00f3n de las diversas actividades culturales de las 17 comunidades que integran dicho organismo cultural santafesino.<\/span><\/p>\n<p><em><span style=\"font-size: large;\">Los M\u00f3viles Culturales llegaron desde: Romina Rodriguez<\/span> <span style=\"font-size: large;\">Kern- Mar\u00eda Juana, Integrantes del Coro Comunal de Mar\u00eda Juana contando su experiencia en la Gira en Italia y Juan Carlos Ba\u00e9z- San Genaro.<\/span><\/em><\/p>\n<p><em><span style=\"font-size: large;\">La entrevista de la jornada\u00a0 fue para\u00a0 <strong>Rub\u00e9n Patagonia<\/strong><\/span><\/em><em><strong><span style=\"font-size: large;\">,<\/span><\/strong><span style=\"font-family: Calibri;\"> <span style=\"font-size: large;\">Nacido en Comodoro Rivadavia (Provincia de Chubut, Patagonia), radicado actualmente en la ciudad de C\u00f3rdoba, provincia de C\u00f3rdoba. Desde 1971 aportando y generando un espacio concreto de encuentro y reencuentro cultural. Rescatando y reivindicando la esperanza como base fundamental y modo de vida. <\/span> <\/span><\/em><\/p>\n<p><em><strong>Si quer\u00e9s repetir y disfrutar de toda la riqueza y movida cultural de nuestro suelo, ingresa a <a href=\"http:\/\/www.enteculturalsantafesino.com.ar\/ambitoc\" target=\"_blank\">www.enteregionalcultura.com.<wbr>ar\/ambitoc<\/wbr><\/a><\/strong><\/em><\/p>\n<p><em><\/em><\/p>\n","protected":false},"excerpt":{"rendered":"<p>Como todos los viernes de 11 a 12 hs en los estudios de Fm Contacto 100.9- Las [&hellip;]<\/p>\n","protected":false},"author":3,"featured_media":0,"comment_status":"open","ping_status":"open","sticky":false,"template":"","format":"standard","meta":{"_jetpack_memberships_contains_paid_content":false,"footnotes":"","jetpack_publicize_message":"","jetpack_publicize_feature_enabled":true,"jetpack_social_post_already_shared":false,"jetpack_social_options":{"image_generator_settings":{"template":"highway","enabled":false}}},"categories":[29],"tags":[],"jetpack_publicize_connections":[],"jetpack_sharing_enabled":true,"jetpack_featured_media_url":"","_links":{"self":[{"href":"http:\/\/enteculturalsantafesino.com.ar\/usina1\/wp-json\/wp\/v2\/posts\/6713"}],"collection":[{"href":"http:\/\/enteculturalsantafesino.com.ar\/usina1\/wp-json\/wp\/v2\/posts"}],"about":[{"href":"http:\/\/enteculturalsantafesino.com.ar\/usina1\/wp-json\/wp\/v2\/types\/post"}],"author":[{"embeddable":true,"href":"http:\/\/enteculturalsantafesino.com.ar\/usina1\/wp-json\/wp\/v2\/users\/3"}],"replies":[{"embeddable":true,"href":"http:\/\/enteculturalsantafesino.com.ar\/usina1\/wp-json\/wp\/v2\/comments?post=6713"}],"version-history":[{"count":0,"href":"http:\/\/enteculturalsantafesino.com.ar\/usina1\/wp-json\/wp\/v2\/posts\/6713\/revisions"}],"wp:attachment":[{"href":"http:\/\/enteculturalsantafesino.com.ar\/usina1\/wp-json\/wp\/v2\/media?parent=6713"}],"wp:term":[{"taxonomy":"category","embeddable":true,"href":"http:\/\/enteculturalsantafesino.com.ar\/usina1\/wp-json\/wp\/v2\/categories?post=6713"},{"taxonomy":"post_tag","embeddable":true,"href":"http:\/\/enteculturalsantafesino.com.ar\/usina1\/wp-json\/wp\/v2\/tags?post=6713"}],"curies":[{"name":"wp","href":"https:\/\/api.w.org\/{rel}","templated":true}]}}