{"id":6717,"date":"2012-10-19T23:16:13","date_gmt":"2012-10-19T23:16:13","guid":{"rendered":"http:\/\/entecultura.com.ar\/noticias\/?p=6717"},"modified":"2012-10-19T23:16:54","modified_gmt":"2012-10-19T23:16:54","slug":"ruben-patagonia-hablo-en-ambito-c","status":"publish","type":"post","link":"http:\/\/enteculturalsantafesino.com.ar\/usina1\/2012\/10\/ruben-patagonia-hablo-en-ambito-c\/","title":{"rendered":"RUB\u00c9N PATAGONIA HABL\u00d3 EN \u00ab\u00c1MBITO C\u00bb"},"content":{"rendered":"<table>\n<tbody>\n<tr>\n<td>\n<div><em><strong>Rub\u00e9n Patagonia habl\u00f3 en \u00ab\u00c1mbito C\u00bb narrando y promoviendo todo <a href=\"http:\/\/enteculturalsantafesino.com.ar\/noticias\/wp-content\/uploads\/2012\/10\/ruben-patagonia.jpg\" rel=\"lightbox[6717]\"><img loading=\"lazy\" decoding=\"async\" class=\"alignright size-medium wp-image-6718\" title=\"ruben-patagonia\" src=\"http:\/\/enteculturalsantafesino.com.ar\/noticias\/wp-content\/uploads\/2012\/10\/ruben-patagonia-300x218.jpg\" alt=\"\" width=\"300\" height=\"218\" srcset=\"http:\/\/enteculturalsantafesino.com.ar\/usina1\/wp-content\/uploads\/2012\/10\/ruben-patagonia-300x218.jpg 300w, http:\/\/enteculturalsantafesino.com.ar\/usina1\/wp-content\/uploads\/2012\/10\/ruben-patagonia.jpg 600w\" sizes=\"(max-width: 300px) 100vw, 300px\" \/><\/a><\/strong><\/em><\/div>\n<div><em><strong>su camino y compromiso con sus ideas y propuestas desde la M\u00fasica Patag\u00f3nica.<\/strong><\/em><\/div>\n<div>\nNacido en Comodoro Rivadavia (Provincia de Chubut, Patagonia), radicado actualmente en la ciudad de C\u00f3rdoba, provincia de C\u00f3rdoba. Desde 1971 aportando y generando un espacio concreto de encuentro y reencuentro cultural. Rescatando y reivindicando la esperanza como base fundamental y modo de vida.<\/div>\n<div><\/div>\n<div><em><strong>\u00abDebemos ser part\u00edcipe de construcci\u00f3n, de mayor Identidad, cuidando la ra\u00edz originaria\u00bb<\/strong><\/em><\/div>\n<div>\nRub\u00e9n Patagonia desgarra su voz a los cuatro vientos, con un canto nutrido por la fuerza\u00a0 de la tierra. Fundiendo elementos de los pueblos originarios patag\u00f3nicos con instrumentos de la tecnolog\u00eda actual, logrando una s\u00f3lida base\u00a0 musical sin precedentes que envuelve el arte de su personalidad y la notable conexi\u00f3n con el p\u00fablico de principales festivales y eventos culturales del pa\u00eds que consolida su propuesta en una de las referencias actuales de m\u00fasica y expresi\u00f3n de la Patagonia . Volver a ser uno es el proyecto cultural, orientado al encuentro y reencuentro con las culturas originarias de la Patagonia.<\/div>\n<div><\/div>\n<div><strong><em>\u00abYo no hablo de fama&#8230;todo parte del propio Ser Humano. Al gente est\u00e1 esperando un mensaje m\u00e1s amplio desde la realidad que tenemos que vivir\u00bb<\/em><\/strong><\/div>\n<div>\nCon un objetivo fundamental; vivir el presente, construyendo el futuro, sin olvidar el pasado. Canalizando las experiencias recogidas en diferentes comunidades abor\u00edgenes\u00a0.<\/div>\n<div><\/div>\n<div><strong>\u00abSi yo no estoy bien animicamente, no podr\u00eda llevar este camino, para ser uno mismo; esto depende de la Vida misma<\/strong>\u00ab<\/div>\n<div><\/div>\n<div>\u00a0Rub\u00e9n Patagonia, un modo de vida, una herramienta m\u00e1s para el necesario camino de encontrarnos y reencontrarnos, como lo pueblos que amasan su identidad y lentamente su propio destino. Bebiendo libertad&#8230; transpirando dignidad.<\/div>\n<div><em><strong>Escuch\u00e1lo en www. enteculturalsantafesino.com.ar\/ambitoc<\/strong><\/em><\/div>\n<\/td>\n<\/tr>\n<tr>\n<td colspan=\"2\">\n<hr \/>\n<\/td>\n<\/tr>\n<\/tbody>\n<\/table>\n","protected":false},"excerpt":{"rendered":"<p>Rub\u00e9n Patagonia habl\u00f3 en \u00ab\u00c1mbito C\u00bb narrando y promoviendo todo su camino y compromiso con sus ideas [&hellip;]<\/p>\n","protected":false},"author":3,"featured_media":0,"comment_status":"open","ping_status":"open","sticky":false,"template":"","format":"standard","meta":{"_jetpack_memberships_contains_paid_content":false,"footnotes":"","jetpack_publicize_message":"","jetpack_publicize_feature_enabled":true,"jetpack_social_post_already_shared":false,"jetpack_social_options":{"image_generator_settings":{"template":"highway","enabled":false}}},"categories":[29],"tags":[],"jetpack_publicize_connections":[],"jetpack_sharing_enabled":true,"jetpack_featured_media_url":"","_links":{"self":[{"href":"http:\/\/enteculturalsantafesino.com.ar\/usina1\/wp-json\/wp\/v2\/posts\/6717"}],"collection":[{"href":"http:\/\/enteculturalsantafesino.com.ar\/usina1\/wp-json\/wp\/v2\/posts"}],"about":[{"href":"http:\/\/enteculturalsantafesino.com.ar\/usina1\/wp-json\/wp\/v2\/types\/post"}],"author":[{"embeddable":true,"href":"http:\/\/enteculturalsantafesino.com.ar\/usina1\/wp-json\/wp\/v2\/users\/3"}],"replies":[{"embeddable":true,"href":"http:\/\/enteculturalsantafesino.com.ar\/usina1\/wp-json\/wp\/v2\/comments?post=6717"}],"version-history":[{"count":0,"href":"http:\/\/enteculturalsantafesino.com.ar\/usina1\/wp-json\/wp\/v2\/posts\/6717\/revisions"}],"wp:attachment":[{"href":"http:\/\/enteculturalsantafesino.com.ar\/usina1\/wp-json\/wp\/v2\/media?parent=6717"}],"wp:term":[{"taxonomy":"category","embeddable":true,"href":"http:\/\/enteculturalsantafesino.com.ar\/usina1\/wp-json\/wp\/v2\/categories?post=6717"},{"taxonomy":"post_tag","embeddable":true,"href":"http:\/\/enteculturalsantafesino.com.ar\/usina1\/wp-json\/wp\/v2\/tags?post=6717"}],"curies":[{"name":"wp","href":"https:\/\/api.w.org\/{rel}","templated":true}]}}