{"id":6723,"date":"2012-10-20T20:03:00","date_gmt":"2012-10-20T20:03:00","guid":{"rendered":"http:\/\/entecultura.com.ar\/noticias\/?p=6723"},"modified":"2012-10-20T20:03:00","modified_gmt":"2012-10-20T20:03:00","slug":"canada-de-gomez-anibal-berraute-despues-de-mucho-tiempo","status":"publish","type":"post","link":"http:\/\/enteculturalsantafesino.com.ar\/usina1\/2012\/10\/canada-de-gomez-anibal-berraute-despues-de-mucho-tiempo\/","title":{"rendered":"CA\u00d1ADA DE G\u00d3MEZ: ANIBAL BERRAUTE DESPU\u00c9S DE MUCHO TIEMPO"},"content":{"rendered":"<table width=\"475\" border=\"0\" bgcolor=\"#ffffff\">\n<tbody>\n<tr>\n<td align=\"left\"><strong>El m\u00fasico volvi\u00f3 a actuar<a href=\"http:\/\/enteculturalsantafesino.com.ar\/noticias\/wp-content\/uploads\/2012\/10\/berraute.png\" rel=\"lightbox[6723]\"><img loading=\"lazy\" decoding=\"async\" class=\"alignright size-medium wp-image-6724\" title=\"berraute\" src=\"http:\/\/enteculturalsantafesino.com.ar\/noticias\/wp-content\/uploads\/2012\/10\/berraute-300x132.png\" alt=\"\" width=\"300\" height=\"132\" srcset=\"http:\/\/enteculturalsantafesino.com.ar\/usina1\/wp-content\/uploads\/2012\/10\/berraute-300x132.png 300w, http:\/\/enteculturalsantafesino.com.ar\/usina1\/wp-content\/uploads\/2012\/10\/berraute.png 700w\" sizes=\"(max-width: 300px) 100vw, 300px\" \/><\/a><\/strong><\/p>\n<p><strong>\u00a0en la ciudad tras tres d\u00e9cadas largas de no hacerlo. Fue una noche emotiva, con buena m\u00fasica y algunos aditamentos que alimentaron la nostalgia.<\/strong><\/td>\n<\/tr>\n<tr>\n<td id=\"cuerpo\" align=\"left\">Antes de la actuaci\u00f3n propiamente dicha al frente de su quinteto, presentaron un video donde se ensamblaron diversas im\u00e1genes existentes del m\u00fasico. A posteriori de la parte art\u00edstica, An\u00edbal recibi\u00f3 las grabaciones de unos jingles a\u00f1ejos, confeccionados cuatro d\u00e9cadas atr\u00e1s para Jos\u00e9 Antonio Ramaciotti, y luego recibi\u00f3 el nombramiento de ciudadano distinguido y embajador art\u00edstico ca\u00f1adense, junto al tradicional presente de cristaler\u00eda Vitrofin, y el obsequio del video presentado con anterioridad.<\/p>\n<table width=\"475\" border=\"0\" bgcolor=\"#ffffff\">\n<tbody>\n<tr>\n<td align=\"left\">\n<h3><em><strong>La vuelta al barrio. Por Sof\u00eda Arias.<\/strong><\/em><\/h3>\n<p><strong>An\u00edbal Berraute, el talentoso m\u00fasico ca\u00f1adense, volvi\u00f3\u00a0 a Ca\u00f1ada de G\u00f3mez para brindar su concierto \u00abQuinteto\u00bb en el Teatro Verdi. En una nota a Otrodia.com, dio su opini\u00f3n respecto a su carrera y su vuelta a la ciudad. <\/strong><\/td>\n<\/tr>\n<tr>\n<td id=\"cuerpo\" align=\"left\">Con una reconocida y prestigiosa trayectoria internacional, el pianista que adem\u00e1s trabaj\u00f3 como productor, director, y compositor, hablo con Otrodia.com y nos dio su opini\u00f3n con respecto a su carrera y su vuelta a la ciudad. <strong>-Desde que fuiste a buscar tu futuro en la m\u00fasica, nunca volviste a actuar en Ca\u00f1ada. \u00bfSent\u00edas como que la comunidad te ignoraba, ten\u00edas ganas de tocar aqu\u00ed?<\/strong> -Por supuesto, y por eso siempre volver a las ra\u00edces es algo b\u00e1sico, elemental. Vengo a ver a mi familia y amigos, y a caminar por las calles que de chico recorr\u00ed, representa algo incre\u00edble. Para mi volver a tocar ac\u00e1, mostrando mi m\u00fasica, mi grupo, es algo que me hace realmente feliz. <strong>-Te cost\u00f3 mucho irte de Ca\u00f1ada?<\/strong> \u00a0 Horrores, me cost\u00f3 much\u00edsimo. No fue f\u00e1cil para m\u00ed. Primero me fui a Buenos Aires, donde estuve trece a\u00f1os, despu\u00e9s a M\u00e9xico\u00a0 y m\u00e1s tarde a EE.UU. Tuve que arrancar y adaptarme muchas veces a diferentes lugares, eso fue dif\u00edcil. <strong>-Qu\u00e9 record\u00e1s de tu \u00e9poca de Los Clevers, o cuando compusiste y dirigiste el Ensamble con la orquesta y el coro, all\u00e1 por 1975?<\/strong> -Es como haber ido a la primaria, fue mi escuela, mis comienzos. Tengo los mejores recuerdos, porque pisaba por primera vez los escenarios y mostraba lo que me apasiona, fue muy lindo. <strong>-Viv\u00eds desde hace mucho tiempo afuera, abarcando muchas de las facetas de la m\u00fasica, componiendo, tocando como solista, dirigiendo, acompa\u00f1ando a grandes figuras. \u00bfTen\u00e9s una que prefieras por sobre las dem\u00e1s, o hay alguna que ya no volver\u00edas a hacer?<\/strong> -No, porque todo suma, todo es para aprender, todas las experiencias son buenas. Y creo que cuando uno toca m\u00fasica\u00a0 es como tener hijos, son todos iguales, y ninguno es mejor o peor que otro. Vivo de esto, y le tengo mucho respeto a todas las ramas de la profesi\u00f3n.<br \/>\n<strong>-Tu nacionalidad influy\u00f3 para que te dedicaras al tango en esta etapa de tu profesi\u00f3n?<\/strong> Yo siempre dije que el tango es como un virus, que los argentinos tenemos en la sangre, y despierta luego de los 30 a\u00f1os. En mi familia siempre se cantaba y bailaba tango, yo me cri\u00e9 con eso, y por el trabajo, este virus despert\u00f3 en m\u00ed. Me di cuenta que es lo que uno lleva en la sangre, que es lo que nos representa, y cuando iba a otro pa\u00eds a tocar tango, me sent\u00eda como si tuviera puesta la camiseta de la Selecci\u00f3n <strong>-Qu\u00e9 esper\u00e1s de su actuaci\u00f3n en la ciudad?<\/strong> Para m\u00ed es un doble compromiso, porque me estoy subiendo al escenario de mi pueblo, con mis amigos, mi familia, mi gente. Es un compromiso serio, pero hermoso. Con respecto a la reacci\u00f3n de la gente hacia su concierto, An\u00edbal declar\u00f3 que \u00abme sorprendi\u00f3 mucho la expectativa que este espect\u00e1culo gener\u00f3 en la gente de Ca\u00f1ada, estoy m\u00e1s que satisfecho y gratamente sorprendido\u00bb. Por otro lado, la intendenta de Ca\u00f1ada de Gomez, Stella Cl\u00e9rici, hablo de lo que significa tener a este artista tan prestigioso en nuestra ciudad. \u00abEs una verdadera alegr\u00eda que este ac\u00e1\u00a0 Una de las principales pol\u00edticas de la Secretaria de Cultura de la Municipalidad es revalorizar al ser ca\u00f1adense, porque hay muchos que triunfaron en el mundo\u00bb. Adem\u00e1s, confirm\u00f3 que \u00absiempre se nace desde la ciudad de uno, en un peque\u00f1o lugar en la Banda, o en alg\u00fan espacio que se promovi\u00f3 desde el municipio. Son los primeros pasos, An\u00edbal es un ejemplo de esto, y por eso es un orgullo tenerlo\u00bb<\/p>\n<p><em><strong>fuente: Otrod\u00eda.com<\/strong><\/em><\/td>\n<\/tr>\n<\/tbody>\n<\/table>\n<\/td>\n<\/tr>\n<\/tbody>\n<\/table>\n","protected":false},"excerpt":{"rendered":"<p>El m\u00fasico volvi\u00f3 a actuar \u00a0en la ciudad tras tres d\u00e9cadas largas de no hacerlo. Fue una [&hellip;]<\/p>\n","protected":false},"author":3,"featured_media":0,"comment_status":"open","ping_status":"open","sticky":false,"template":"","format":"standard","meta":{"_jetpack_memberships_contains_paid_content":false,"footnotes":"","jetpack_publicize_message":"","jetpack_publicize_feature_enabled":true,"jetpack_social_post_already_shared":false,"jetpack_social_options":{"image_generator_settings":{"template":"highway","enabled":false}}},"categories":[11],"tags":[],"jetpack_publicize_connections":[],"jetpack_sharing_enabled":true,"jetpack_featured_media_url":"","_links":{"self":[{"href":"http:\/\/enteculturalsantafesino.com.ar\/usina1\/wp-json\/wp\/v2\/posts\/6723"}],"collection":[{"href":"http:\/\/enteculturalsantafesino.com.ar\/usina1\/wp-json\/wp\/v2\/posts"}],"about":[{"href":"http:\/\/enteculturalsantafesino.com.ar\/usina1\/wp-json\/wp\/v2\/types\/post"}],"author":[{"embeddable":true,"href":"http:\/\/enteculturalsantafesino.com.ar\/usina1\/wp-json\/wp\/v2\/users\/3"}],"replies":[{"embeddable":true,"href":"http:\/\/enteculturalsantafesino.com.ar\/usina1\/wp-json\/wp\/v2\/comments?post=6723"}],"version-history":[{"count":0,"href":"http:\/\/enteculturalsantafesino.com.ar\/usina1\/wp-json\/wp\/v2\/posts\/6723\/revisions"}],"wp:attachment":[{"href":"http:\/\/enteculturalsantafesino.com.ar\/usina1\/wp-json\/wp\/v2\/media?parent=6723"}],"wp:term":[{"taxonomy":"category","embeddable":true,"href":"http:\/\/enteculturalsantafesino.com.ar\/usina1\/wp-json\/wp\/v2\/categories?post=6723"},{"taxonomy":"post_tag","embeddable":true,"href":"http:\/\/enteculturalsantafesino.com.ar\/usina1\/wp-json\/wp\/v2\/tags?post=6723"}],"curies":[{"name":"wp","href":"https:\/\/api.w.org\/{rel}","templated":true}]}}