{"id":6745,"date":"2012-10-20T21:21:58","date_gmt":"2012-10-20T21:21:58","guid":{"rendered":"http:\/\/entecultura.com.ar\/noticias\/?p=6745"},"modified":"2012-10-23T22:45:41","modified_gmt":"2012-10-23T22:45:41","slug":"una-hermosa-cancion-en-el-dia-de-la-madre","status":"publish","type":"post","link":"http:\/\/enteculturalsantafesino.com.ar\/usina1\/2012\/10\/una-hermosa-cancion-en-el-dia-de-la-madre\/","title":{"rendered":"UNA HERMOSA CANCI\u00d3N EN EL D\u00cdA DE LA MADRE!"},"content":{"rendered":"<p>A trav\u00e9s del <em><strong>Consejo de Cultura y Educaci\u00f3n de Correa<\/strong><\/em>,<a href=\"http:\/\/enteculturalsantafesino.com.ar\/noticias\/wp-content\/uploads\/2012\/10\/MADRES.jpg\" rel=\"lightbox[6745]\"><img loading=\"lazy\" decoding=\"async\" class=\"alignright size-medium wp-image-6748\" title=\"MADRES\" src=\"http:\/\/enteculturalsantafesino.com.ar\/noticias\/wp-content\/uploads\/2012\/10\/MADRES-300x269.jpg\" alt=\"\" width=\"300\" height=\"269\" srcset=\"http:\/\/enteculturalsantafesino.com.ar\/usina1\/wp-content\/uploads\/2012\/10\/MADRES-300x269.jpg 300w, http:\/\/enteculturalsantafesino.com.ar\/usina1\/wp-content\/uploads\/2012\/10\/MADRES.jpg 319w\" sizes=\"(max-width: 300px) 100vw, 300px\" \/><\/a><\/p>\n<p>a trav\u00e9s de una obra musical\u00a0 con letras de los rosenses <em>Victor Amaya y\u00a0Mariano Villarruel<\/em> y m\u00fasica de este \u00faltimo, artistas\u00a0y talentos de Correa,\u00a0se sumaron a la grabaci\u00f3n e interpretacion de esta bella canci\u00f3n, titulada: <strong><em>\u00abInfinito Amor\u00bb\u00a0.<\/em><\/strong><\/p>\n<p><em>Las voces que participaron fueron: Magali Orellan0, Lucas Dibono, Nicolas Scrinzi, Estanilao Quinteros, Facundo Arcec, Juan Juvenal Tonelli, Mariano Villarruel.<\/em><\/p>\n<p>Excelente trabajo que queremos compartir desde esta espacio\u00a0para que disfruten y compartan desde el abrazo de una Madre&#8230;<\/p>\n<iframe class='youtube-player youtuber' type='text\/html' width='425' height='355' src='http:\/\/www.youtube.com\/embed\/250wCc7KF3o?rel=0&amp;fs=1' webkitAllowFullScreen mozallowfullscreen allowFullScreen frameborder='0'><\/iframe>\n","protected":false},"excerpt":{"rendered":"<p>A trav\u00e9s del Consejo de Cultura y Educaci\u00f3n de Correa, a trav\u00e9s de una obra musical\u00a0 con [&hellip;]<\/p>\n","protected":false},"author":3,"featured_media":0,"comment_status":"open","ping_status":"open","sticky":false,"template":"","format":"standard","meta":{"_jetpack_memberships_contains_paid_content":false,"footnotes":"","jetpack_publicize_message":"","jetpack_publicize_feature_enabled":true,"jetpack_social_post_already_shared":false,"jetpack_social_options":{"image_generator_settings":{"template":"highway","enabled":false}}},"categories":[21],"tags":[],"jetpack_publicize_connections":[],"jetpack_sharing_enabled":true,"jetpack_featured_media_url":"","_links":{"self":[{"href":"http:\/\/enteculturalsantafesino.com.ar\/usina1\/wp-json\/wp\/v2\/posts\/6745"}],"collection":[{"href":"http:\/\/enteculturalsantafesino.com.ar\/usina1\/wp-json\/wp\/v2\/posts"}],"about":[{"href":"http:\/\/enteculturalsantafesino.com.ar\/usina1\/wp-json\/wp\/v2\/types\/post"}],"author":[{"embeddable":true,"href":"http:\/\/enteculturalsantafesino.com.ar\/usina1\/wp-json\/wp\/v2\/users\/3"}],"replies":[{"embeddable":true,"href":"http:\/\/enteculturalsantafesino.com.ar\/usina1\/wp-json\/wp\/v2\/comments?post=6745"}],"version-history":[{"count":0,"href":"http:\/\/enteculturalsantafesino.com.ar\/usina1\/wp-json\/wp\/v2\/posts\/6745\/revisions"}],"wp:attachment":[{"href":"http:\/\/enteculturalsantafesino.com.ar\/usina1\/wp-json\/wp\/v2\/media?parent=6745"}],"wp:term":[{"taxonomy":"category","embeddable":true,"href":"http:\/\/enteculturalsantafesino.com.ar\/usina1\/wp-json\/wp\/v2\/categories?post=6745"},{"taxonomy":"post_tag","embeddable":true,"href":"http:\/\/enteculturalsantafesino.com.ar\/usina1\/wp-json\/wp\/v2\/tags?post=6745"}],"curies":[{"name":"wp","href":"https:\/\/api.w.org\/{rel}","templated":true}]}}