{"id":675,"date":"2011-08-29T15:16:08","date_gmt":"2011-08-29T15:16:08","guid":{"rendered":"http:\/\/entecultura.com.ar\/noticias\/?p=675"},"modified":"2011-08-29T15:16:08","modified_gmt":"2011-08-29T15:16:08","slug":"jaf-cerro-los-festejos-patronales","status":"publish","type":"post","link":"http:\/\/enteculturalsantafesino.com.ar\/usina1\/2011\/08\/jaf-cerro-los-festejos-patronales\/","title":{"rendered":"JAF CERR\u00d3 LOS FESTEJOS PATRONALES"},"content":{"rendered":"<div>En el marco del cierre de los festejos patronales, la<br \/>\nplaza San Mart\u00edn se colm\u00f3 de un p\u00fablico ansioso de ver a uno de los m\u00fasicos m\u00e1s<br \/>\npopulares del rock nacional de la d\u00e9cada del 90.<\/p>\n<p>Tras muchos a\u00f1os, JAF<br \/>\nvolv\u00eda a la ciudad \u2013 a\u00f1os atr\u00e1s hab\u00eda tocado en el viejo y m\u00edstico \u201cOkey Disco\u201d<br \/>\n\u2013 y m\u00e1s de 4000 personas le dieron la bienvenida con un fuerte aplauso en el<br \/>\npatio c\u00edvico de la plaza.<\/p>\n<p>S\u00f3lo con su guitarra, Juan Antonio Ferreira,<br \/>\npis\u00f3 el escenario a las 18:10 hs. y durante 50 minutos repas\u00f3 un repertorio<br \/>\ntremendamente blusero y a veces algo desconcertante para el p\u00fablico<br \/>\nlocal.<\/p>\n<p>Tras un largo s\u00f3lo de guitarra, el m\u00fasico arranc\u00f3 con viejos hits<br \/>\nen ingl\u00e9s, para despu\u00e9s casi bocetear un par de cl\u00e1sicos suyos como \u201cHombre de<br \/>\nblues\u201d y \u201cDiapositivas\u201d.<\/p>\n<p>Promediando los 10 minutos de show, el eximio<br \/>\nviolero arranc\u00f3 el primer suspiro del p\u00fablico. \u201cEs tarde a la noche\u2026\u201d, fue la<br \/>\nfrase que le anunci\u00f3 al p\u00fablico local que llegaba el viejo hit de Eric Clapton<br \/>\n\u201cMaravillosa esta noche\u201d, pero el propio JAF se encarg\u00f3 de estropear la melod\u00eda<br \/>\na la perfecci\u00f3n parafraseando frases sueltas en medio de la canci\u00f3n y dejando al<br \/>\np\u00fablico desencantado.<\/p>\n<p>Parec\u00eda que el p\u00fablico no iba a perdonar semejante<br \/>\natentado contra aquella bella melod\u00eda \u2013 a este medio JAF luego dir\u00eda que esta<br \/>\ncanci\u00f3n \u201cNunca lo volvi\u00f3 loco\u201d \u2013 pero enseguida el talento de sus manos sacaron<br \/>\na la luz los acordes de temas como \u201cShine like me\u201d, \u201cSmoke on the water\u201d y<br \/>\n\u201cAnother brick on the wall\u201d y el hechizo se volvi\u00f3 a instalar entre la gente.<\/p>\n<p>Pero JAF volver\u00eda a torcer el rumbo y el p\u00fablico otra vez se iba a<br \/>\nsorprender, aunque no a desilusionar. Son\u00f3 \u201cPor una cabeza\u201d y despu\u00e9s el m\u00fasico<br \/>\nsigui\u00f3 con \u201cQuiz\u00e1s ma\u00f1ana brille el sol\u201d y \u201cTodo mi amor\u201d y su conquista en la<br \/>\nciudad fue un hecho.<\/p>\n<p>Al despedirse, subi\u00f3 \u201cCaco\u201d Ansaldi y juntos<br \/>\nimprovisaron una despojada pero bella versi\u00f3n de \u201cMujer amante\u201d y para el<br \/>\ncierre, Juan Antonio Ferreira junto a los \u201cDerechos de Piso\u201d, interpretaron una<br \/>\ntremenda versi\u00f3n de \u201cSusi Cadillac\u201d.<\/p>\n<p><strong>\u201cCaco\u201d y dos<br \/>\ncanciones<\/strong><\/p>\n<p>La tarde en el escenario hab\u00eda arrancado con Ricardo<br \/>\nAnsaldi interpretando dos canciones. Primero se despach\u00f3 con \u201cDe que te vale\u201d de<br \/>\nSabroso en versi\u00f3n bluseada y cerr\u00f3 con un cl\u00e1sico de sus shows: \u201cWe are the<br \/>\nchampions\u201d.<\/p>\n<p><strong>Derecho de Piso demoledor<\/strong><\/p>\n<p>Los chicos<br \/>\nde \u201cDerecho de Piso\u201d fueron los teloneros de JAF y para la ocasi\u00f3n mostraron<br \/>\nmadurez y contundencia. Arrancaron con \u201cDerecho de Piso\u201d, siguieron con \u201cNena<br \/>\nno\u201d, \u201cMi mundo\u201d, \u201cPresagios\u201d y cerraron el show con una compacta versi\u00f3n<br \/>\nagiornada de \u201cCanci\u00f3n para mi muerte\u201d de Charly Garc\u00eda.<\/p><\/div>\n<div><\/div>\n<p><!--Si cargamos una noticia, aca parseamos sus galerias de imagenes--><!--Si cargamos una noticia, aca parseamos sus galerias de imagenes--><!--Si cargamos una noticia, aca parseamos sus links relacionados--><\/p>\n","protected":false},"excerpt":{"rendered":"<p>En el marco del cierre de los festejos patronales, la plaza San Mart\u00edn se colm\u00f3 de un [&hellip;]<\/p>\n","protected":false},"author":3,"featured_media":0,"comment_status":"open","ping_status":"open","sticky":false,"template":"","format":"standard","meta":{"_jetpack_memberships_contains_paid_content":false,"footnotes":"","jetpack_publicize_message":"","jetpack_publicize_feature_enabled":true,"jetpack_social_post_already_shared":false,"jetpack_social_options":{"image_generator_settings":{"template":"highway","enabled":false}}},"categories":[15,18,4,6],"tags":[],"jetpack_publicize_connections":[],"jetpack_sharing_enabled":true,"jetpack_featured_media_url":"","_links":{"self":[{"href":"http:\/\/enteculturalsantafesino.com.ar\/usina1\/wp-json\/wp\/v2\/posts\/675"}],"collection":[{"href":"http:\/\/enteculturalsantafesino.com.ar\/usina1\/wp-json\/wp\/v2\/posts"}],"about":[{"href":"http:\/\/enteculturalsantafesino.com.ar\/usina1\/wp-json\/wp\/v2\/types\/post"}],"author":[{"embeddable":true,"href":"http:\/\/enteculturalsantafesino.com.ar\/usina1\/wp-json\/wp\/v2\/users\/3"}],"replies":[{"embeddable":true,"href":"http:\/\/enteculturalsantafesino.com.ar\/usina1\/wp-json\/wp\/v2\/comments?post=675"}],"version-history":[{"count":0,"href":"http:\/\/enteculturalsantafesino.com.ar\/usina1\/wp-json\/wp\/v2\/posts\/675\/revisions"}],"wp:attachment":[{"href":"http:\/\/enteculturalsantafesino.com.ar\/usina1\/wp-json\/wp\/v2\/media?parent=675"}],"wp:term":[{"taxonomy":"category","embeddable":true,"href":"http:\/\/enteculturalsantafesino.com.ar\/usina1\/wp-json\/wp\/v2\/categories?post=675"},{"taxonomy":"post_tag","embeddable":true,"href":"http:\/\/enteculturalsantafesino.com.ar\/usina1\/wp-json\/wp\/v2\/tags?post=675"}],"curies":[{"name":"wp","href":"https:\/\/api.w.org\/{rel}","templated":true}]}}