{"id":689,"date":"2011-08-29T15:27:12","date_gmt":"2011-08-29T15:27:12","guid":{"rendered":"http:\/\/entecultura.com.ar\/noticias\/?p=689"},"modified":"2011-08-29T15:27:12","modified_gmt":"2011-08-29T15:27:12","slug":"taller-de-artesanias-en-cana","status":"publish","type":"post","link":"http:\/\/enteculturalsantafesino.com.ar\/usina1\/2011\/08\/taller-de-artesanias-en-cana\/","title":{"rendered":"TALLER DE ARTESAN\u00cdAS EN CA\u00d1A"},"content":{"rendered":"<p>El mi\u00e9rcoles 7 de septiembre, a las 18 horas, en la Escuela Municipal \u201cPedro<br \/>\nRe\u00fcn\u201d, se realizar\u00e1 una charla informativa correspondiente al Taller de<br \/>\nArtesan\u00edas en Ca\u00f1a que dictar\u00e1 el artesano ca\u00f1adense Mart\u00edn del Pino. Se invita<br \/>\na hombres y mujeres sin l\u00edmites <a href=\"http:\/\/enteculturalsantafesino.com.ar\/noticias\/wp-content\/uploads\/2011\/08\/muni-ca\u00f1ada-de-gomez4.jpg\" rel=\"lightbox[689]\"><img loading=\"lazy\" decoding=\"async\" class=\"alignright size-full wp-image-690\" title=\"muni ca\u00f1ada de gomez\" src=\"http:\/\/enteculturalsantafesino.com.ar\/noticias\/wp-content\/uploads\/2011\/08\/muni-ca\u00f1ada-de-gomez4.jpg\" alt=\"\" width=\"196\" height=\"256\" \/><\/a><\/p>\n","protected":false},"excerpt":{"rendered":"<p>El mi\u00e9rcoles 7 de septiembre, a las 18 horas, en la Escuela Municipal \u201cPedro Re\u00fcn\u201d, se realizar\u00e1 [&hellip;]<\/p>\n","protected":false},"author":3,"featured_media":0,"comment_status":"open","ping_status":"open","sticky":false,"template":"","format":"standard","meta":{"_jetpack_memberships_contains_paid_content":false,"footnotes":"","jetpack_publicize_message":"","jetpack_publicize_feature_enabled":true,"jetpack_social_post_already_shared":false,"jetpack_social_options":{"image_generator_settings":{"template":"highway","enabled":false}}},"categories":[15,11,4],"tags":[],"jetpack_publicize_connections":[],"jetpack_sharing_enabled":true,"jetpack_featured_media_url":"","_links":{"self":[{"href":"http:\/\/enteculturalsantafesino.com.ar\/usina1\/wp-json\/wp\/v2\/posts\/689"}],"collection":[{"href":"http:\/\/enteculturalsantafesino.com.ar\/usina1\/wp-json\/wp\/v2\/posts"}],"about":[{"href":"http:\/\/enteculturalsantafesino.com.ar\/usina1\/wp-json\/wp\/v2\/types\/post"}],"author":[{"embeddable":true,"href":"http:\/\/enteculturalsantafesino.com.ar\/usina1\/wp-json\/wp\/v2\/users\/3"}],"replies":[{"embeddable":true,"href":"http:\/\/enteculturalsantafesino.com.ar\/usina1\/wp-json\/wp\/v2\/comments?post=689"}],"version-history":[{"count":0,"href":"http:\/\/enteculturalsantafesino.com.ar\/usina1\/wp-json\/wp\/v2\/posts\/689\/revisions"}],"wp:attachment":[{"href":"http:\/\/enteculturalsantafesino.com.ar\/usina1\/wp-json\/wp\/v2\/media?parent=689"}],"wp:term":[{"taxonomy":"category","embeddable":true,"href":"http:\/\/enteculturalsantafesino.com.ar\/usina1\/wp-json\/wp\/v2\/categories?post=689"},{"taxonomy":"post_tag","embeddable":true,"href":"http:\/\/enteculturalsantafesino.com.ar\/usina1\/wp-json\/wp\/v2\/tags?post=689"}],"curies":[{"name":"wp","href":"https:\/\/api.w.org\/{rel}","templated":true}]}}