{"id":693,"date":"2011-08-30T14:47:05","date_gmt":"2011-08-30T14:47:05","guid":{"rendered":"http:\/\/entecultura.com.ar\/noticias\/?p=693"},"modified":"2011-08-30T14:47:32","modified_gmt":"2011-08-30T14:47:32","slug":"rafael-diaz-se-presento-en-el-museo-de-la-ciudad","status":"publish","type":"post","link":"http:\/\/enteculturalsantafesino.com.ar\/usina1\/2011\/08\/rafael-diaz-se-presento-en-el-museo-de-la-ciudad\/","title":{"rendered":"RAFAEL D\u00cdAZ SE PRESENT\u00d3 EN EL MUSEO DE LA CIUDAD"},"content":{"rendered":"<div><a href=\"http:\/\/enteculturalsantafesino.com.ar\/noticias\/wp-content\/uploads\/2011\/08\/RAFAEL-DIAZ.jpg\" rel=\"lightbox[693]\"><img loading=\"lazy\" decoding=\"async\" class=\"alignright size-medium wp-image-694\" title=\"RAFAEL DIAZ\" src=\"http:\/\/enteculturalsantafesino.com.ar\/noticias\/wp-content\/uploads\/2011\/08\/RAFAEL-DIAZ-300x200.jpg\" alt=\"\" width=\"300\" height=\"200\" srcset=\"http:\/\/enteculturalsantafesino.com.ar\/usina1\/wp-content\/uploads\/2011\/08\/RAFAEL-DIAZ-300x200.jpg 300w, http:\/\/enteculturalsantafesino.com.ar\/usina1\/wp-content\/uploads\/2011\/08\/RAFAEL-DIAZ.jpg 650w\" sizes=\"(max-width: 300px) 100vw, 300px\" \/><\/a>El fot\u00f3grafo Rafael D\u00edaz present\u00f3 una nueva muestra<br \/>\nen la ciudad de El Tr\u00e9bol. Tuvo lugar el viernes pasado en la sala mayor del<br \/>\nMuseo de El Tr\u00e9bol.Se trata sobre un libro que comprende trabajos de<br \/>\nfot\u00f3grafos amateurs de todo el mundo y donde hay tres fotograf\u00edas de hechas por<br \/>\n\u00e9l.<br \/>\nEl libro comprende im\u00e1genes de fot\u00f3grafos de Uruguay, Brasil, Colombia,<br \/>\nVenezuela, Suecia, Espa\u00f1a y Argentina, que presenta un total de 36<br \/>\nartistas.<br \/>\n\u201cLo que me interes\u00f3 fue saber a que nivel y a que altura pod\u00eda<br \/>\nestar un fot\u00f3grafo aficionado en comparaci\u00f3n con un profesional. Investigu\u00e9,<br \/>\ndescubr\u00ed esta p\u00e1gina web en la que se puede encontrar a todos los fot\u00f3grafos del<br \/>\nmundo y entonces dije \u00e9sta es mi oportunidad de medirme. Tras eso, me di cuenta<br \/>\nde que mi fotograf\u00eda est\u00e1 a la par de la de un profesional\u201d, le manifest\u00f3 Rafael<br \/>\nD\u00edaz a El Tr\u00e9bol Digital y agreg\u00f3: El libro tiene tirada internacional, aunque<br \/>\nlos fot\u00f3grafos somos en mayor\u00eda argentinos. Hay muchos que tienen escuela, otros<br \/>\nprofesionales de Suecia y Espa\u00f1a y otros que son aficionados como<br \/>\nyo\u201d.<\/p>\n<p><strong>Sus trabajos publicados<\/strong><\/p>\n<p>\u201cMis fotograf\u00edas<br \/>\npublicadas\u201d, cuenta D\u00edaz, \u201cson el sol bes\u00e1ndose con la tierra, que es un truco<br \/>\nhecho con la c\u00e1mara y otras dos en miniatura que tambi\u00e9n presentan algunos<br \/>\ntrucos con la c\u00e1mara, pero nada de photoshop\u201d.<\/p>\n<p>Rafael eligi\u00f3 a dos bellas<br \/>\nj\u00f3venes de a\u00f1os atr\u00e1s como Ariadna Viale y a Alajandra Fogliatto.<\/p>\n<p>El<br \/>\nfot\u00f3grafo adem\u00e1s se\u00f1al\u00f3: \u201cUna vez que se publica en esa p\u00e1gina, se elije la foto<br \/>\ndel d\u00eda, luego la foto de la semana, la foto del mes y luego se ingresa a la<br \/>\nmuestra que abarca las 100 mejores fotos del a\u00f1o. Entran unas 300 fotos por d\u00eda<br \/>\ny unas 7 mil al mes. Luego de ah\u00ed se seleccionan las 100 mejores para el libro.<br \/>\nYo mand\u00e9 un total de 10 fotograf\u00edas y fueron seleccionadas 3, que son las que<br \/>\nhoy estoy mostrando en el museo\u201d. <em>Fuente eltreboldigital<\/em><\/p>\n<\/div>\n<p><!--Si cargamos una noticia, aca parseamos sus galerias de imagenes--><!--Si cargamos una noticia, aca parseamos sus galerias de imagenes--><!--Si cargamos una noticia, aca parseamos sus links relacionados--><\/p>\n","protected":false},"excerpt":{"rendered":"<p>El fot\u00f3grafo Rafael D\u00edaz present\u00f3 una nueva muestra en la ciudad de El Tr\u00e9bol. Tuvo lugar el [&hellip;]<\/p>\n","protected":false},"author":3,"featured_media":0,"comment_status":"open","ping_status":"open","sticky":false,"template":"","format":"standard","meta":{"_jetpack_memberships_contains_paid_content":false,"footnotes":"","jetpack_publicize_message":"","jetpack_publicize_feature_enabled":true,"jetpack_social_post_already_shared":false,"jetpack_social_options":{"image_generator_settings":{"template":"highway","enabled":false}}},"categories":[15,18,4],"tags":[],"jetpack_publicize_connections":[],"jetpack_sharing_enabled":true,"jetpack_featured_media_url":"","_links":{"self":[{"href":"http:\/\/enteculturalsantafesino.com.ar\/usina1\/wp-json\/wp\/v2\/posts\/693"}],"collection":[{"href":"http:\/\/enteculturalsantafesino.com.ar\/usina1\/wp-json\/wp\/v2\/posts"}],"about":[{"href":"http:\/\/enteculturalsantafesino.com.ar\/usina1\/wp-json\/wp\/v2\/types\/post"}],"author":[{"embeddable":true,"href":"http:\/\/enteculturalsantafesino.com.ar\/usina1\/wp-json\/wp\/v2\/users\/3"}],"replies":[{"embeddable":true,"href":"http:\/\/enteculturalsantafesino.com.ar\/usina1\/wp-json\/wp\/v2\/comments?post=693"}],"version-history":[{"count":0,"href":"http:\/\/enteculturalsantafesino.com.ar\/usina1\/wp-json\/wp\/v2\/posts\/693\/revisions"}],"wp:attachment":[{"href":"http:\/\/enteculturalsantafesino.com.ar\/usina1\/wp-json\/wp\/v2\/media?parent=693"}],"wp:term":[{"taxonomy":"category","embeddable":true,"href":"http:\/\/enteculturalsantafesino.com.ar\/usina1\/wp-json\/wp\/v2\/categories?post=693"},{"taxonomy":"post_tag","embeddable":true,"href":"http:\/\/enteculturalsantafesino.com.ar\/usina1\/wp-json\/wp\/v2\/tags?post=693"}],"curies":[{"name":"wp","href":"https:\/\/api.w.org\/{rel}","templated":true}]}}