{"id":7384,"date":"2012-11-25T21:55:51","date_gmt":"2012-11-25T21:55:51","guid":{"rendered":"http:\/\/entecultura.com.ar\/noticias\/?p=7384"},"modified":"2012-11-25T21:55:51","modified_gmt":"2012-11-25T21:55:51","slug":"jose-iturra-fue-premiado-a-nivel-nacional","status":"publish","type":"post","link":"http:\/\/enteculturalsantafesino.com.ar\/usina1\/2012\/11\/jose-iturra-fue-premiado-a-nivel-nacional\/","title":{"rendered":"JOS\u00c9 ITURRA FUE PREMIADO A NIVEL NACIONAL"},"content":{"rendered":"<p>Con el deseo de reunir, homenajear y premiar a las mejores mujeres y <a href=\"http:\/\/enteculturalsantafesino.com.ar\/noticias\/wp-content\/uploads\/2012\/11\/jose.jpg\" rel=\"lightbox[7384]\"><img loading=\"lazy\" decoding=\"async\" class=\"alignright size-full wp-image-7385\" title=\"jose\" src=\"http:\/\/enteculturalsantafesino.com.ar\/noticias\/wp-content\/uploads\/2012\/11\/jose.jpg\" alt=\"\" width=\"300\" height=\"224\" \/><\/a><\/p>\n<p>hombres de las programaciones folkl\u00f3ricas de las radios y canales de la televisi\u00f3n argentina, el primordial objetivo es distinguir y premiar a los difusores y sus programas folkl\u00f3ricos de nuestro pa\u00eds, a trav\u00e9s de la Asociaci\u00f3n Nacional de Cronistas de Folklore (ANCROF)<\/p>\n<p><em>Un a\u00f1o m\u00e1s, tenemos la grata noticia que nuestro amigo, colaborador activo del E.R.C. y difusor apasionado de nuestras ra\u00edces <strong>Jos\u00e9 Iturra<\/strong>, fue ganador de tan prestigioso premio a nivel nacional\u00a0 a trav\u00e9s de su ciclo radial <strong>\u00abSentir de mi tierra\u00bb<\/strong> un cl\u00e1sico de los d\u00edas S\u00e1bados por FM Contacto-100.9 de 18 a 20 hs. <\/em><\/p>\n<p>El folklore tiene profundas ra\u00edces y a pesar de la permanente asfixia en la que vive y tiene que manifestarse, esta ah\u00ed, en el alma del pueblo, en su vivencia colectiva, en la indeleble memoria y en las expresiones de sus difusores y s\u00f3lo espera que se tome valor de su conciencia y significado. S\u00f3lo falta que se den cuenta que desde el folklore nace, crece y se hace perdurable la riqueza moral y espiritual de un pueblo que es la base de la identidad de toda una sociedad.<\/p>\n<p><em><strong>Felicitaciones Jos\u00e9!-Integrantes del Ente Regional de Cultura<\/strong><\/em><\/p>\n","protected":false},"excerpt":{"rendered":"<p>Con el deseo de reunir, homenajear y premiar a las mejores mujeres y hombres de las programaciones [&hellip;]<\/p>\n","protected":false},"author":3,"featured_media":0,"comment_status":"open","ping_status":"open","sticky":false,"template":"","format":"standard","meta":{"_jetpack_memberships_contains_paid_content":false,"footnotes":"","jetpack_publicize_message":"","jetpack_publicize_feature_enabled":true,"jetpack_social_post_already_shared":false,"jetpack_social_options":{"image_generator_settings":{"template":"highway","enabled":false}}},"categories":[1],"tags":[],"jetpack_publicize_connections":[],"jetpack_sharing_enabled":true,"jetpack_featured_media_url":"","_links":{"self":[{"href":"http:\/\/enteculturalsantafesino.com.ar\/usina1\/wp-json\/wp\/v2\/posts\/7384"}],"collection":[{"href":"http:\/\/enteculturalsantafesino.com.ar\/usina1\/wp-json\/wp\/v2\/posts"}],"about":[{"href":"http:\/\/enteculturalsantafesino.com.ar\/usina1\/wp-json\/wp\/v2\/types\/post"}],"author":[{"embeddable":true,"href":"http:\/\/enteculturalsantafesino.com.ar\/usina1\/wp-json\/wp\/v2\/users\/3"}],"replies":[{"embeddable":true,"href":"http:\/\/enteculturalsantafesino.com.ar\/usina1\/wp-json\/wp\/v2\/comments?post=7384"}],"version-history":[{"count":0,"href":"http:\/\/enteculturalsantafesino.com.ar\/usina1\/wp-json\/wp\/v2\/posts\/7384\/revisions"}],"wp:attachment":[{"href":"http:\/\/enteculturalsantafesino.com.ar\/usina1\/wp-json\/wp\/v2\/media?parent=7384"}],"wp:term":[{"taxonomy":"category","embeddable":true,"href":"http:\/\/enteculturalsantafesino.com.ar\/usina1\/wp-json\/wp\/v2\/categories?post=7384"},{"taxonomy":"post_tag","embeddable":true,"href":"http:\/\/enteculturalsantafesino.com.ar\/usina1\/wp-json\/wp\/v2\/tags?post=7384"}],"curies":[{"name":"wp","href":"https:\/\/api.w.org\/{rel}","templated":true}]}}