{"id":7390,"date":"2012-11-25T22:05:55","date_gmt":"2012-11-25T22:05:55","guid":{"rendered":"http:\/\/entecultura.com.ar\/noticias\/?p=7390"},"modified":"2012-11-25T22:05:55","modified_gmt":"2012-11-25T22:05:55","slug":"san-genaro-se-presentara-la-obra-esa-mujer-llamada-evita","status":"publish","type":"post","link":"http:\/\/enteculturalsantafesino.com.ar\/usina1\/2012\/11\/san-genaro-se-presentara-la-obra-esa-mujer-llamada-evita\/","title":{"rendered":"SAN GENARO: SE PRESENTAR\u00c1 LA OBRA \u00abESA MUJER LLAMADA EVITA\u00bb"},"content":{"rendered":"<p>Espect\u00e1culo integrado por las obras \u00abEva, a seca\u00bb, de Mar\u00eda Rosa Pfeiffer y <a href=\"http:\/\/enteculturalsantafesino.com.ar\/noticias\/wp-content\/uploads\/2012\/11\/EVA.jpg\" rel=\"lightbox[7390]\"><img loading=\"lazy\" decoding=\"async\" class=\"alignright size-full wp-image-7391\" title=\"EVA\" src=\"http:\/\/enteculturalsantafesino.com.ar\/noticias\/wp-content\/uploads\/2012\/11\/EVA.jpg\" alt=\"\" width=\"295\" height=\"295\" srcset=\"http:\/\/enteculturalsantafesino.com.ar\/usina1\/wp-content\/uploads\/2012\/11\/EVA.jpg 295w, http:\/\/enteculturalsantafesino.com.ar\/usina1\/wp-content\/uploads\/2012\/11\/EVA-150x150.jpg 150w\" sizes=\"(max-width: 295px) 100vw, 295px\" \/><\/a><\/p>\n<p>\u00abLas costureritas de Eva\u00bb, de Adriana Tursi. Actu\u00e1n: Laura Abasto, Mirna Remes, Ligia Sarich, Florencia Minozzi, Melina Dell&#8217; Oste, jos\u00e9 Luis Santa Cruz y Sabrina Ramos. Direcci\u00f3n: Walter Operto. Lunes 26 de noviembre desde las 21hs. Sal\u00f3n Social del Club Atl\u00e9tico San Genaro-entrada libre y gratuita.<\/p>\n","protected":false},"excerpt":{"rendered":"<p>Espect\u00e1culo integrado por las obras \u00abEva, a seca\u00bb, de Mar\u00eda Rosa Pfeiffer y \u00abLas costureritas de Eva\u00bb, [&hellip;]<\/p>\n","protected":false},"author":3,"featured_media":0,"comment_status":"open","ping_status":"open","sticky":false,"template":"","format":"standard","meta":{"_jetpack_memberships_contains_paid_content":false,"footnotes":"","jetpack_publicize_message":"","jetpack_publicize_feature_enabled":true,"jetpack_social_post_already_shared":false,"jetpack_social_options":{"image_generator_settings":{"template":"highway","enabled":false}}},"categories":[28],"tags":[],"jetpack_publicize_connections":[],"jetpack_sharing_enabled":true,"jetpack_featured_media_url":"","_links":{"self":[{"href":"http:\/\/enteculturalsantafesino.com.ar\/usina1\/wp-json\/wp\/v2\/posts\/7390"}],"collection":[{"href":"http:\/\/enteculturalsantafesino.com.ar\/usina1\/wp-json\/wp\/v2\/posts"}],"about":[{"href":"http:\/\/enteculturalsantafesino.com.ar\/usina1\/wp-json\/wp\/v2\/types\/post"}],"author":[{"embeddable":true,"href":"http:\/\/enteculturalsantafesino.com.ar\/usina1\/wp-json\/wp\/v2\/users\/3"}],"replies":[{"embeddable":true,"href":"http:\/\/enteculturalsantafesino.com.ar\/usina1\/wp-json\/wp\/v2\/comments?post=7390"}],"version-history":[{"count":0,"href":"http:\/\/enteculturalsantafesino.com.ar\/usina1\/wp-json\/wp\/v2\/posts\/7390\/revisions"}],"wp:attachment":[{"href":"http:\/\/enteculturalsantafesino.com.ar\/usina1\/wp-json\/wp\/v2\/media?parent=7390"}],"wp:term":[{"taxonomy":"category","embeddable":true,"href":"http:\/\/enteculturalsantafesino.com.ar\/usina1\/wp-json\/wp\/v2\/categories?post=7390"},{"taxonomy":"post_tag","embeddable":true,"href":"http:\/\/enteculturalsantafesino.com.ar\/usina1\/wp-json\/wp\/v2\/tags?post=7390"}],"curies":[{"name":"wp","href":"https:\/\/api.w.org\/{rel}","templated":true}]}}