{"id":7396,"date":"2012-11-26T18:43:02","date_gmt":"2012-11-26T18:43:02","guid":{"rendered":"http:\/\/entecultura.com.ar\/noticias\/?p=7396"},"modified":"2012-11-26T18:43:02","modified_gmt":"2012-11-26T18:43:02","slug":"canada-de-gomez-cierre-artistico-de-las-escuelas-municipales","status":"publish","type":"post","link":"http:\/\/enteculturalsantafesino.com.ar\/usina1\/2012\/11\/canada-de-gomez-cierre-artistico-de-las-escuelas-municipales\/","title":{"rendered":"CA\u00d1ADA DE G\u00d3MEZ: CIERRE ART\u00cdSTICO DE LAS ESCUELAS MUNICIPALES"},"content":{"rendered":"<table width=\"475\" border=\"0\" bgcolor=\"#ffffff\">\n<tbody>\n<tr>\n<td align=\"left\"><strong>Fue en el curso de una <a href=\"http:\/\/enteculturalsantafesino.com.ar\/noticias\/wp-content\/uploads\/2012\/11\/CLERICI.png\" rel=\"lightbox[7396]\"><img loading=\"lazy\" decoding=\"async\" class=\"alignright size-medium wp-image-7397\" title=\"CLERICI\" src=\"http:\/\/enteculturalsantafesino.com.ar\/noticias\/wp-content\/uploads\/2012\/11\/CLERICI-300x164.png\" alt=\"\" width=\"300\" height=\"164\" srcset=\"http:\/\/enteculturalsantafesino.com.ar\/usina1\/wp-content\/uploads\/2012\/11\/CLERICI-300x164.png 300w, http:\/\/enteculturalsantafesino.com.ar\/usina1\/wp-content\/uploads\/2012\/11\/CLERICI.png 464w\" sizes=\"(max-width: 300px) 100vw, 300px\" \/><\/a><\/strong><\/p>\n<p><strong>muestra donde participaron cerca de mil quinientos alumnos que asisten a las sesenta disciplinas que se dictaron durante este a\u00f1o.<\/strong><\/td>\n<\/tr>\n<tr>\n<td id=\"cuerpo\" align=\"left\">Las escuelas municipales clausuraron este s\u00e1bado su ciclo 2012 con una muestra art\u00edstica est\u00e1tica y un espect\u00e1culo de danzas sobre el escenario montado en el predio de la escuela Pedro Re\u00fcn. La intendenta Stella Cl\u00e9rici estuvo a cargo del cierre oficial.<br \/>\nEn su discurso Cl\u00e9rici destac\u00f3 \u201cla importancia de contar en la ciudad con cerca de 60 disciplinas art\u00edsticas y deportivas p\u00fablicas, accesibles para toda la poblaci\u00f3n desde el \u00e1mbito municipal\u201d.<br \/>\nActualmente las escuelas municipales congregan a unos 1500 alumnos que asisten a los distintos espacios municipales como la Escuela Pedro Re\u00fcn, el Centro de la Juventud, el SUM del Parque Municipal o el auditorio Santa Cecilia para practicar todo tipo de disciplinas art\u00edsticas y deportivas.<br \/>\nAsimismo los denominados proyectos culturales a\u00f1o a a\u00f1o abren la oportunidad a j\u00f3venes profesionales y docentes para dictar nuevas propuestas formativas acotadas en el tiempo. <em>fuente: otrod\u00eda.com<\/em><\/td>\n<\/tr>\n<tr>\n<td>\n<hr \/>\n<\/td>\n<\/tr>\n<\/tbody>\n<\/table>\n","protected":false},"excerpt":{"rendered":"<p>Fue en el curso de una muestra donde participaron cerca de mil quinientos alumnos que asisten a [&hellip;]<\/p>\n","protected":false},"author":3,"featured_media":0,"comment_status":"open","ping_status":"open","sticky":false,"template":"","format":"standard","meta":{"_jetpack_memberships_contains_paid_content":false,"footnotes":"","jetpack_publicize_message":"","jetpack_publicize_feature_enabled":true,"jetpack_social_post_already_shared":false,"jetpack_social_options":{"image_generator_settings":{"template":"highway","enabled":false}}},"categories":[11],"tags":[],"jetpack_publicize_connections":[],"jetpack_sharing_enabled":true,"jetpack_featured_media_url":"","_links":{"self":[{"href":"http:\/\/enteculturalsantafesino.com.ar\/usina1\/wp-json\/wp\/v2\/posts\/7396"}],"collection":[{"href":"http:\/\/enteculturalsantafesino.com.ar\/usina1\/wp-json\/wp\/v2\/posts"}],"about":[{"href":"http:\/\/enteculturalsantafesino.com.ar\/usina1\/wp-json\/wp\/v2\/types\/post"}],"author":[{"embeddable":true,"href":"http:\/\/enteculturalsantafesino.com.ar\/usina1\/wp-json\/wp\/v2\/users\/3"}],"replies":[{"embeddable":true,"href":"http:\/\/enteculturalsantafesino.com.ar\/usina1\/wp-json\/wp\/v2\/comments?post=7396"}],"version-history":[{"count":0,"href":"http:\/\/enteculturalsantafesino.com.ar\/usina1\/wp-json\/wp\/v2\/posts\/7396\/revisions"}],"wp:attachment":[{"href":"http:\/\/enteculturalsantafesino.com.ar\/usina1\/wp-json\/wp\/v2\/media?parent=7396"}],"wp:term":[{"taxonomy":"category","embeddable":true,"href":"http:\/\/enteculturalsantafesino.com.ar\/usina1\/wp-json\/wp\/v2\/categories?post=7396"},{"taxonomy":"post_tag","embeddable":true,"href":"http:\/\/enteculturalsantafesino.com.ar\/usina1\/wp-json\/wp\/v2\/tags?post=7396"}],"curies":[{"name":"wp","href":"https:\/\/api.w.org\/{rel}","templated":true}]}}