{"id":7560,"date":"2012-12-04T13:11:00","date_gmt":"2012-12-04T13:11:00","guid":{"rendered":"http:\/\/entecultura.com.ar\/noticias\/?p=7560"},"modified":"2012-12-04T13:11:00","modified_gmt":"2012-12-04T13:11:00","slug":"montes-de-oca-el-concurso-provincial-del-asador-fue-un-exito","status":"publish","type":"post","link":"http:\/\/enteculturalsantafesino.com.ar\/usina1\/2012\/12\/montes-de-oca-el-concurso-provincial-del-asador-fue-un-exito\/","title":{"rendered":"MONTES DE OCA: EL CONCURSO PROVINCIAL DEL ASADOR FUE UN \u00c9XITO!"},"content":{"rendered":"<p>Desde muy temprano la comunidad de Montes de oca se preparaba para <a href=\"http:\/\/enteculturalsantafesino.com.ar\/noticias\/wp-content\/uploads\/2012\/12\/CONCURSO-1.jpg\" rel=\"lightbox[7560]\"><img loading=\"lazy\" decoding=\"async\" class=\"alignright size-medium wp-image-7561\" title=\"CONCURSO 1\" src=\"http:\/\/enteculturalsantafesino.com.ar\/noticias\/wp-content\/uploads\/2012\/12\/CONCURSO-1-300x225.jpg\" alt=\"\" width=\"300\" height=\"225\" srcset=\"http:\/\/enteculturalsantafesino.com.ar\/usina1\/wp-content\/uploads\/2012\/12\/CONCURSO-1-300x225.jpg 300w, http:\/\/enteculturalsantafesino.com.ar\/usina1\/wp-content\/uploads\/2012\/12\/CONCURSO-1.jpg 960w\" sizes=\"(max-width: 300px) 100vw, 300px\" \/><\/a><\/p>\n<p>recibir a toda la gente de la regi\u00f3n y de la localidad montequina a disfrutar del <strong>3\u00b0 Concurso Provincial del Asador<\/strong>, el cual se consolida y jerarquiza en cada una de sus ediciones.<\/p>\n<p>Sin lugar a dudas el clima que se vivi\u00f3 en todo momento originaron la reuni\u00f3n entre amigos y familias, compartiendo de buena m\u00fasica producida por nuestros artistas zonales, adem\u00e1s de la degustaci\u00f3n y destreza de los asadores que pon\u00edan de manifiesto\u00a0 sus habilidades sobre el fuego.<\/p>\n<p>Los ganadores del Concurso fueron:<\/p>\n<p><em>1.- EDUARDO BERTOLA Y JULIO GUILIETTI MONTES DE OCA <\/em><\/p>\n<p><em>2.- RENE MARCHELLI Y URIEL BOETTO MONTES DE OCA <\/em><\/p>\n<p><em>3.- GABRIEL GUILIETTI Y \u00abBOCHITA\u00bb DARDANELLI MONTES DE OCA <\/em><\/p>\n<p><em>4.- MUNICIPALIDAD DE LAS PAREJAS<\/em><\/p>\n<p><em>\u00a05.- EMILIANO FERRARI TORTUGAS<\/em><\/p>\n","protected":false},"excerpt":{"rendered":"<p>Desde muy temprano la comunidad de Montes de oca se preparaba para recibir a toda la gente [&hellip;]<\/p>\n","protected":false},"author":3,"featured_media":0,"comment_status":"open","ping_status":"open","sticky":false,"template":"","format":"standard","meta":{"_jetpack_memberships_contains_paid_content":false,"footnotes":"","jetpack_publicize_message":"","jetpack_publicize_feature_enabled":true,"jetpack_social_post_already_shared":false,"jetpack_social_options":{"image_generator_settings":{"template":"highway","enabled":false}}},"categories":[5],"tags":[],"jetpack_publicize_connections":[],"jetpack_sharing_enabled":true,"jetpack_featured_media_url":"","_links":{"self":[{"href":"http:\/\/enteculturalsantafesino.com.ar\/usina1\/wp-json\/wp\/v2\/posts\/7560"}],"collection":[{"href":"http:\/\/enteculturalsantafesino.com.ar\/usina1\/wp-json\/wp\/v2\/posts"}],"about":[{"href":"http:\/\/enteculturalsantafesino.com.ar\/usina1\/wp-json\/wp\/v2\/types\/post"}],"author":[{"embeddable":true,"href":"http:\/\/enteculturalsantafesino.com.ar\/usina1\/wp-json\/wp\/v2\/users\/3"}],"replies":[{"embeddable":true,"href":"http:\/\/enteculturalsantafesino.com.ar\/usina1\/wp-json\/wp\/v2\/comments?post=7560"}],"version-history":[{"count":0,"href":"http:\/\/enteculturalsantafesino.com.ar\/usina1\/wp-json\/wp\/v2\/posts\/7560\/revisions"}],"wp:attachment":[{"href":"http:\/\/enteculturalsantafesino.com.ar\/usina1\/wp-json\/wp\/v2\/media?parent=7560"}],"wp:term":[{"taxonomy":"category","embeddable":true,"href":"http:\/\/enteculturalsantafesino.com.ar\/usina1\/wp-json\/wp\/v2\/categories?post=7560"},{"taxonomy":"post_tag","embeddable":true,"href":"http:\/\/enteculturalsantafesino.com.ar\/usina1\/wp-json\/wp\/v2\/tags?post=7560"}],"curies":[{"name":"wp","href":"https:\/\/api.w.org\/{rel}","templated":true}]}}