{"id":8011,"date":"2013-01-13T20:56:32","date_gmt":"2013-01-13T20:56:32","guid":{"rendered":"http:\/\/entecultura.com.ar\/noticias\/?p=8011"},"modified":"2013-01-14T23:28:57","modified_gmt":"2013-01-14T23:28:57","slug":"correa-el-latinoamericano-2013-es-todo-un-exito","status":"publish","type":"post","link":"http:\/\/enteculturalsantafesino.com.ar\/usina1\/2013\/01\/correa-el-latinoamericano-2013-es-todo-un-exito\/","title":{"rendered":"CORREA: \u00abEL LATINOAMERICANO 2013\u00bb ES TODO UN \u00c9XITO!"},"content":{"rendered":"<p>Las primeras dos noches del \u00ab<strong>Latinoamericano 2013&#8243;<\/strong>, marcan en este <a href=\"http:\/\/enteculturalsantafesino.com.ar\/noticias\/wp-content\/uploads\/2013\/01\/latinoamericano.jpg\" rel=\"lightbox[8011]\"><img loading=\"lazy\" decoding=\"async\" class=\"alignright size-medium wp-image-8012\" title=\"latinoamericano\" src=\"http:\/\/enteculturalsantafesino.com.ar\/noticias\/wp-content\/uploads\/2013\/01\/latinoamericano-300x224.jpg\" alt=\"\" width=\"300\" height=\"224\" srcset=\"http:\/\/enteculturalsantafesino.com.ar\/usina1\/wp-content\/uploads\/2013\/01\/latinoamericano-300x224.jpg 300w, http:\/\/enteculturalsantafesino.com.ar\/usina1\/wp-content\/uploads\/2013\/01\/latinoamericano.jpg 960w\" sizes=\"(max-width: 300px) 100vw, 300px\" \/><\/a><\/p>\n<p>nuevo hermanamiento, el entusiasmo y \u00e9xito en cada puesta art\u00edstica de las delegaciones Venezolanas y M\u00e9xicanas; junto a las exposiciones art\u00edsticas\u00a0de los anfitriones.<\/p>\n<p>La Comunidad de Correa en el coraz\u00f3n de su pueblo-Plaza San Mart\u00edn- desde el viernes 11 al domingo 13\u00a0permite la interacci\u00f3n cultural, con la presencia multitudinaria de p\u00fablico local y regional.<\/p>\n<p><strong><em>Mariano Villarruel- Cultura Correa y responsable del Depto. de Relaciones e Intercambios Culturales del E.R.C<\/em><\/strong>. manifestaba su orgullo:\u00a0 \u00ab<em>los sentimientos se nos cruzan por la mente y el coraz\u00f3n, hoy\u00a0todo esto es pura emoci\u00f3n y felicidad.\u00bb\u00a0<\/em><\/p>\n<p>La comunidad de Correa y las distintas instituciones que se involucraron en esta gran movida cultural, se demuestran muy conformes, trabajando con mucho entusiasmo, atentas en cada detalle que se presente\u00a0y requieran las Delegaciones Visitantes.<\/p>\n<p>Sobre el Escenario principal montado frente a a la Plaza San Mart\u00edn, desde las 21 hs, todo el esplendor de los <strong>Hermanos Palmar- Venezuela<\/strong> y las\u00a0<strong>Danzas Aut\u00f3ctonas <\/strong>y <strong>Tradicionales de Quer\u00e9taro (M\u00e9xico) <\/strong>hacen vibrar a las noches de Correa.<\/p>\n<p><em>Este Domingo desde las 20hs un desfile por las calles del pueblo dar\u00e1 la apertura a la \u00faltima presentaci\u00f3n de dichas delegaciones internacionales.<\/em><\/p>\n","protected":false},"excerpt":{"rendered":"<p>Las primeras dos noches del \u00abLatinoamericano 2013&#8243;, marcan en este nuevo hermanamiento, el entusiasmo y \u00e9xito en [&hellip;]<\/p>\n","protected":false},"author":3,"featured_media":0,"comment_status":"open","ping_status":"open","sticky":false,"template":"","format":"standard","meta":{"_jetpack_memberships_contains_paid_content":false,"footnotes":"","jetpack_publicize_message":"","jetpack_publicize_feature_enabled":true,"jetpack_social_post_already_shared":false,"jetpack_social_options":{"image_generator_settings":{"template":"highway","enabled":false}}},"categories":[21,29],"tags":[36,35],"jetpack_publicize_connections":[],"jetpack_sharing_enabled":true,"jetpack_featured_media_url":"","_links":{"self":[{"href":"http:\/\/enteculturalsantafesino.com.ar\/usina1\/wp-json\/wp\/v2\/posts\/8011"}],"collection":[{"href":"http:\/\/enteculturalsantafesino.com.ar\/usina1\/wp-json\/wp\/v2\/posts"}],"about":[{"href":"http:\/\/enteculturalsantafesino.com.ar\/usina1\/wp-json\/wp\/v2\/types\/post"}],"author":[{"embeddable":true,"href":"http:\/\/enteculturalsantafesino.com.ar\/usina1\/wp-json\/wp\/v2\/users\/3"}],"replies":[{"embeddable":true,"href":"http:\/\/enteculturalsantafesino.com.ar\/usina1\/wp-json\/wp\/v2\/comments?post=8011"}],"version-history":[{"count":0,"href":"http:\/\/enteculturalsantafesino.com.ar\/usina1\/wp-json\/wp\/v2\/posts\/8011\/revisions"}],"wp:attachment":[{"href":"http:\/\/enteculturalsantafesino.com.ar\/usina1\/wp-json\/wp\/v2\/media?parent=8011"}],"wp:term":[{"taxonomy":"category","embeddable":true,"href":"http:\/\/enteculturalsantafesino.com.ar\/usina1\/wp-json\/wp\/v2\/categories?post=8011"},{"taxonomy":"post_tag","embeddable":true,"href":"http:\/\/enteculturalsantafesino.com.ar\/usina1\/wp-json\/wp\/v2\/tags?post=8011"}],"curies":[{"name":"wp","href":"https:\/\/api.w.org\/{rel}","templated":true}]}}