{"id":8032,"date":"2013-01-15T16:01:56","date_gmt":"2013-01-15T16:01:56","guid":{"rendered":"http:\/\/entecultura.com.ar\/noticias\/?p=8032"},"modified":"2013-01-15T16:01:56","modified_gmt":"2013-01-15T16:01:56","slug":"canada-de-gomez-a-fin-de-mes-comenzaran-los-cursos-en-el-nac","status":"publish","type":"post","link":"http:\/\/enteculturalsantafesino.com.ar\/usina1\/2013\/01\/canada-de-gomez-a-fin-de-mes-comenzaran-los-cursos-en-el-nac\/","title":{"rendered":"CA\u00d1ADA DE G\u00d3MEZ: A FIN DE MES COMENZAR\u00c1N LOS CURSOS EN EL NAC"},"content":{"rendered":"<p>La intendenta Stella Cl\u00e9rici visit\u00f3 el N\u00facleo de Acceso al Conocimiento <a href=\"http:\/\/enteculturalsantafesino.com.ar\/noticias\/2013\/01\/canada-de-gomez-a-fin-de-mes-comenzaran-los-cursos-en-el-nac\/nac-canada\/\"><img loading=\"lazy\" decoding=\"async\" class=\"alignright size-medium wp-image-8033\" alt=\"nac ca\u00f1ada\" src=\"http:\/\/enteculturalsantafesino.com.ar\/noticias\/wp-content\/uploads\/2013\/01\/nac-ca\u00f1ada-300x199.jpg\" width=\"300\" height=\"199\" srcset=\"http:\/\/enteculturalsantafesino.com.ar\/usina1\/wp-content\/uploads\/2013\/01\/nac-ca\u00f1ada-300x199.jpg 300w, http:\/\/enteculturalsantafesino.com.ar\/usina1\/wp-content\/uploads\/2013\/01\/nac-ca\u00f1ada.jpg 960w\" sizes=\"(max-width: 300px) 100vw, 300px\" \/><\/a><\/p>\n<p>recientemente inaugurado. Cl\u00e9rici explic\u00f3 que \u201cDaniel Ferrero es quien\u00a0 va a estar a cargo de la coordinaci\u00f3n y en estas semanas desde que se inaugur\u00f3 ya recibimos muchas consultas y se empezaron a aplicar acciones\u201d.<\/p>\n<p>Daniel Ferrero expres\u00f3 que \u201cya hay tres cursos cerrados de Internet B\u00e1sico y manejo de PC y estamos avanzando en la concreci\u00f3n de otros cursos y talleres. Hay que recalcar los espacios que est\u00e1n para que la gente se los apropie: un espacio\u00a0 de capacitaci\u00f3n con 12 maquinas, un microcine y una sala de juegos\u201d.<\/p>\n<p>Sobre el final de enero comenzar\u00e1 el dictado de los cursos y quienes quieran acercarse pueden hacerlo en Quintana 46, en el horario de 8 a 13 y 18 a 21 hs.<\/p>\n","protected":false},"excerpt":{"rendered":"<p>La intendenta Stella Cl\u00e9rici visit\u00f3 el N\u00facleo de Acceso al Conocimiento recientemente inaugurado. Cl\u00e9rici explic\u00f3 que \u201cDaniel [&hellip;]<\/p>\n","protected":false},"author":3,"featured_media":0,"comment_status":"open","ping_status":"open","sticky":false,"template":"","format":"standard","meta":{"_jetpack_memberships_contains_paid_content":false,"footnotes":"","jetpack_publicize_message":"","jetpack_publicize_feature_enabled":true,"jetpack_social_post_already_shared":false,"jetpack_social_options":{"image_generator_settings":{"template":"highway","enabled":false}}},"categories":[11],"tags":[],"jetpack_publicize_connections":[],"jetpack_sharing_enabled":true,"jetpack_featured_media_url":"","_links":{"self":[{"href":"http:\/\/enteculturalsantafesino.com.ar\/usina1\/wp-json\/wp\/v2\/posts\/8032"}],"collection":[{"href":"http:\/\/enteculturalsantafesino.com.ar\/usina1\/wp-json\/wp\/v2\/posts"}],"about":[{"href":"http:\/\/enteculturalsantafesino.com.ar\/usina1\/wp-json\/wp\/v2\/types\/post"}],"author":[{"embeddable":true,"href":"http:\/\/enteculturalsantafesino.com.ar\/usina1\/wp-json\/wp\/v2\/users\/3"}],"replies":[{"embeddable":true,"href":"http:\/\/enteculturalsantafesino.com.ar\/usina1\/wp-json\/wp\/v2\/comments?post=8032"}],"version-history":[{"count":0,"href":"http:\/\/enteculturalsantafesino.com.ar\/usina1\/wp-json\/wp\/v2\/posts\/8032\/revisions"}],"wp:attachment":[{"href":"http:\/\/enteculturalsantafesino.com.ar\/usina1\/wp-json\/wp\/v2\/media?parent=8032"}],"wp:term":[{"taxonomy":"category","embeddable":true,"href":"http:\/\/enteculturalsantafesino.com.ar\/usina1\/wp-json\/wp\/v2\/categories?post=8032"},{"taxonomy":"post_tag","embeddable":true,"href":"http:\/\/enteculturalsantafesino.com.ar\/usina1\/wp-json\/wp\/v2\/tags?post=8032"}],"curies":[{"name":"wp","href":"https:\/\/api.w.org\/{rel}","templated":true}]}}