{"id":8036,"date":"2013-01-15T16:04:44","date_gmt":"2013-01-15T16:04:44","guid":{"rendered":"http:\/\/entecultura.com.ar\/noticias\/?p=8036"},"modified":"2013-01-15T16:04:44","modified_gmt":"2013-01-15T16:04:44","slug":"el-trebol-el-nac-se-inaugurara-el-28-de-enero","status":"publish","type":"post","link":"http:\/\/enteculturalsantafesino.com.ar\/usina1\/2013\/01\/el-trebol-el-nac-se-inaugurara-el-28-de-enero\/","title":{"rendered":"EL TR\u00c9BOL: EL NAC SE INAUGURAR\u00c1 EL 28 DE ENERO"},"content":{"rendered":"<p>Los N\u00facleos de Acceso al Conocimiento (NAC) son nuevos espacios de <a href=\"http:\/\/enteculturalsantafesino.com.ar\/noticias\/2013\/01\/el-trebol-el-nac-se-inaugurara-el-28-de-enero\/picasion_com_951b53e0085107783919fd5f52fd114d\/\"><img loading=\"lazy\" decoding=\"async\" class=\"alignright size-medium wp-image-8037\" alt=\"picasion_com_951b53e0085107783919fd5f52fd114d\" src=\"http:\/\/enteculturalsantafesino.com.ar\/noticias\/wp-content\/uploads\/2013\/01\/picasion_com_951b53e0085107783919fd5f52fd114d-300x225.gif\" width=\"300\" height=\"225\" \/><\/a><\/p>\n<p>conectividad pensados para aprender, comunicarse, informarse y divertirse.<\/p>\n<p>Los NAC poseen distintos m\u00f3dulos: Sala WiFi para conectarse con computadoras personales y dispositivos m\u00f3viles; Sala de Capacitaci\u00f3n para el dictado de cursos, talleres y presentaciones; Microcine TDA d\u00f3nde se emitir\u00e1 la se\u00f1al de la Televisi\u00f3n Digital Abierta y Sala de Juego con consolas de \u00faltima generaci\u00f3n para que los m\u00e1s j\u00f3venes puedan explorar el acceso a las tecnolog\u00edas mediante herramientas l\u00fadicas y de esparcimiento.<\/p>\n<p>En di\u00e1logo con el Intendente de El Tr\u00e9bol, el Prof. Fernando Almada nos manifest\u00f3: <strong><em>\u201cEl NAC va a estar funcionando al lado de la Biblioteca Popular Domingo Piccolo, un edificio de propiedad municipal, que fue refaccionado totalmente, adem\u00e1s ya est\u00e1n instaladas las computadoras, la sala WiFi, y todos los elementos tecnol\u00f3gicos con los que va a contar esta sala\u201d<\/em><\/strong><\/p>\n<p><em><strong>\u201cEn comunicaci\u00f3n con personal de la Coordinaci\u00f3n del Programa Argentina Conectada que depende del Ministerio de Planificaci\u00f3n Federal de la Naci\u00f3n en principio hemos fijado como fecha tentativa de inauguraci\u00f3n el lunes 28 de enero\u201d: <\/strong><\/em>finaliz\u00f3 Almada.<\/p>\n<p><strong><em>fuente: comosomosdigital<\/em><\/strong><\/p>\n","protected":false},"excerpt":{"rendered":"<p>Los N\u00facleos de Acceso al Conocimiento (NAC) son nuevos espacios de conectividad pensados para aprender, comunicarse, informarse [&hellip;]<\/p>\n","protected":false},"author":3,"featured_media":0,"comment_status":"open","ping_status":"open","sticky":false,"template":"","format":"standard","meta":{"_jetpack_memberships_contains_paid_content":false,"footnotes":"","jetpack_publicize_message":"","jetpack_publicize_feature_enabled":true,"jetpack_social_post_already_shared":false,"jetpack_social_options":{"image_generator_settings":{"template":"highway","enabled":false}}},"categories":[18],"tags":[],"jetpack_publicize_connections":[],"jetpack_sharing_enabled":true,"jetpack_featured_media_url":"","_links":{"self":[{"href":"http:\/\/enteculturalsantafesino.com.ar\/usina1\/wp-json\/wp\/v2\/posts\/8036"}],"collection":[{"href":"http:\/\/enteculturalsantafesino.com.ar\/usina1\/wp-json\/wp\/v2\/posts"}],"about":[{"href":"http:\/\/enteculturalsantafesino.com.ar\/usina1\/wp-json\/wp\/v2\/types\/post"}],"author":[{"embeddable":true,"href":"http:\/\/enteculturalsantafesino.com.ar\/usina1\/wp-json\/wp\/v2\/users\/3"}],"replies":[{"embeddable":true,"href":"http:\/\/enteculturalsantafesino.com.ar\/usina1\/wp-json\/wp\/v2\/comments?post=8036"}],"version-history":[{"count":0,"href":"http:\/\/enteculturalsantafesino.com.ar\/usina1\/wp-json\/wp\/v2\/posts\/8036\/revisions"}],"wp:attachment":[{"href":"http:\/\/enteculturalsantafesino.com.ar\/usina1\/wp-json\/wp\/v2\/media?parent=8036"}],"wp:term":[{"taxonomy":"category","embeddable":true,"href":"http:\/\/enteculturalsantafesino.com.ar\/usina1\/wp-json\/wp\/v2\/categories?post=8036"},{"taxonomy":"post_tag","embeddable":true,"href":"http:\/\/enteculturalsantafesino.com.ar\/usina1\/wp-json\/wp\/v2\/tags?post=8036"}],"curies":[{"name":"wp","href":"https:\/\/api.w.org\/{rel}","templated":true}]}}