{"id":8041,"date":"2013-01-15T17:04:18","date_gmt":"2013-01-15T17:04:18","guid":{"rendered":"http:\/\/entecultura.com.ar\/noticias\/?p=8041"},"modified":"2013-01-15T17:04:19","modified_gmt":"2013-01-15T17:04:19","slug":"el-congreso-argentino-de-cultura-llega-en-marzo-para-consolidar-politicas-federales","status":"publish","type":"post","link":"http:\/\/enteculturalsantafesino.com.ar\/usina1\/2013\/01\/el-congreso-argentino-de-cultura-llega-en-marzo-para-consolidar-politicas-federales\/","title":{"rendered":"EL CONGRESO ARGENTINO DE CULTURA LLEGA EN MARZO PARA CONSOLIDAR POL\u00cdTICAS FEDERALES"},"content":{"rendered":"<p>La Secretar\u00eda de Cultura de la Naci\u00f3n lanz\u00f3 el IV Congreso de Argentino de <a href=\"http:\/\/enteculturalsantafesino.com.ar\/noticias\/2013\/01\/el-congreso-argentino-de-cultura-llega-en-marzo-para-consolidar-politicas-federales\/congreso_argentino_de_culura_900-600x450\/\"><img loading=\"lazy\" decoding=\"async\" class=\"alignright size-medium wp-image-8043\" alt=\"congreso_argentino_de_culura_900-600x450\" src=\"http:\/\/enteculturalsantafesino.com.ar\/noticias\/wp-content\/uploads\/2013\/01\/congreso_argentino_de_culura_900-600x450-300x225.jpg\" width=\"300\" height=\"225\" srcset=\"http:\/\/enteculturalsantafesino.com.ar\/usina1\/wp-content\/uploads\/2013\/01\/congreso_argentino_de_culura_900-600x450-300x225.jpg 300w, http:\/\/enteculturalsantafesino.com.ar\/usina1\/wp-content\/uploads\/2013\/01\/congreso_argentino_de_culura_900-600x450.jpg 600w\" sizes=\"(max-width: 300px) 100vw, 300px\" \/><\/a><\/p>\n<p>Cultura, que se realizar\u00e1 del 14 al 16 de marzo en Resistencia, Chaco. As\u00ed, abrir\u00e1n el debate bajo el lema Pol\u00edticas para el desarrollo local y regional en el nuevo milenio. Hacia una soberan\u00eda cultural de la Patria Grande\u00bb.<\/p>\n<div id=\"cuerpo_amp\">\n<p>Coorganizado por el Instituto de Cultura de Chaco, el Consejo Federal de Inversiones (CFI) y el Consejo Federal de Cultura (CFC), el encuentro propondr\u00e1 mesas de debate, conferencias y talleres de los que surgir\u00e1n lineamientos para establecer, consolidar y profundizar pol\u00edticas culturales de cara al futuro.<\/p>\n<p>Su celebraci\u00f3n el a\u00f1o pr\u00f3ximo coincide con la conmemoraci\u00f3n por los doscientos a\u00f1os de la Asamblea General Constituyente de 1813, evocando los valores, las convicciones y las proclamas que la animaron: los s\u00edmbolos patrios, la igualdad social y de g\u00e9nero, los derechos humanos, el reconocimiento d<a href=\"http:\/\/enteculturalsantafesino.com.ar\/noticias\/2013\/01\/el-congreso-argentino-de-cultura-llega-en-marzo-para-consolidar-politicas-federales\/eltrebol12\/\"><img loading=\"lazy\" decoding=\"async\" class=\"alignright size-medium wp-image-8042\" alt=\"eltrebol12\" src=\"http:\/\/enteculturalsantafesino.com.ar\/noticias\/wp-content\/uploads\/2013\/01\/eltrebol12-300x225.jpg\" width=\"300\" height=\"225\" srcset=\"http:\/\/enteculturalsantafesino.com.ar\/usina1\/wp-content\/uploads\/2013\/01\/eltrebol12-300x225.jpg 300w, http:\/\/enteculturalsantafesino.com.ar\/usina1\/wp-content\/uploads\/2013\/01\/eltrebol12.jpg 960w\" sizes=\"(max-width: 300px) 100vw, 300px\" \/><\/a>e los pueblos originarios y la libertad de expresi\u00f3n.<br \/>\nEn el acto de presentaci\u00f3n, que se realiz\u00f3 el 15 de noviembre en Resistencia, el secretario de Cultura, <strong>Jorge<\/strong> <strong>Coscia<\/strong>, dijo: \u201cChaco es el lugar adecuado para hacer el Congreso Argentino de Cultura por el valor simb\u00f3lico y por su poder de gesti\u00f3n. Ser\u00e1 el lugar que se recuerde como el comienzo de una gran ola para fomentar la pertenencia a esta gran naci\u00f3n\u201d.<br \/>\nPor su parte, la directora nacional de Acci\u00f3n Federal, <strong>Mar\u00eda Elena Toncoso<\/strong>, sostuvo: \u201cQueremos focalizar en aquellos que llevan a la pr\u00e1ctica las teor\u00edas, en quienes est\u00e1n llevando adelante las pol\u00edticas culturales, queremos que nos cuenten sus realidades, porque ser\u00e1n ustedes, los hacedores culturales de todo el pa\u00eds, los verdaderos protagonistas del Cuarto Congreso Argentino de Cultura\u201d.<\/p>\n<p>&nbsp;<\/p>\n<div><\/div>\n<\/div>\n<p>&nbsp;<\/p>\n","protected":false},"excerpt":{"rendered":"<p>La Secretar\u00eda de Cultura de la Naci\u00f3n lanz\u00f3 el IV Congreso de Argentino de Cultura, que se [&hellip;]<\/p>\n","protected":false},"author":3,"featured_media":0,"comment_status":"open","ping_status":"open","sticky":false,"template":"","format":"standard","meta":{"_jetpack_memberships_contains_paid_content":false,"footnotes":"","jetpack_publicize_message":"","jetpack_publicize_feature_enabled":true,"jetpack_social_post_already_shared":false,"jetpack_social_options":{"image_generator_settings":{"template":"highway","enabled":false}}},"categories":[4],"tags":[],"jetpack_publicize_connections":[],"jetpack_sharing_enabled":true,"jetpack_featured_media_url":"","_links":{"self":[{"href":"http:\/\/enteculturalsantafesino.com.ar\/usina1\/wp-json\/wp\/v2\/posts\/8041"}],"collection":[{"href":"http:\/\/enteculturalsantafesino.com.ar\/usina1\/wp-json\/wp\/v2\/posts"}],"about":[{"href":"http:\/\/enteculturalsantafesino.com.ar\/usina1\/wp-json\/wp\/v2\/types\/post"}],"author":[{"embeddable":true,"href":"http:\/\/enteculturalsantafesino.com.ar\/usina1\/wp-json\/wp\/v2\/users\/3"}],"replies":[{"embeddable":true,"href":"http:\/\/enteculturalsantafesino.com.ar\/usina1\/wp-json\/wp\/v2\/comments?post=8041"}],"version-history":[{"count":0,"href":"http:\/\/enteculturalsantafesino.com.ar\/usina1\/wp-json\/wp\/v2\/posts\/8041\/revisions"}],"wp:attachment":[{"href":"http:\/\/enteculturalsantafesino.com.ar\/usina1\/wp-json\/wp\/v2\/media?parent=8041"}],"wp:term":[{"taxonomy":"category","embeddable":true,"href":"http:\/\/enteculturalsantafesino.com.ar\/usina1\/wp-json\/wp\/v2\/categories?post=8041"},{"taxonomy":"post_tag","embeddable":true,"href":"http:\/\/enteculturalsantafesino.com.ar\/usina1\/wp-json\/wp\/v2\/tags?post=8041"}],"curies":[{"name":"wp","href":"https:\/\/api.w.org\/{rel}","templated":true}]}}