{"id":8051,"date":"2013-01-16T16:20:41","date_gmt":"2013-01-16T16:20:41","guid":{"rendered":"http:\/\/entecultura.com.ar\/noticias\/?p=8051"},"modified":"2013-01-16T16:26:47","modified_gmt":"2013-01-16T16:26:47","slug":"las-tardecitas-de-tortugas-siguen-conquistando-a-la-region","status":"publish","type":"post","link":"http:\/\/enteculturalsantafesino.com.ar\/usina1\/2013\/01\/las-tardecitas-de-tortugas-siguen-conquistando-a-la-region\/","title":{"rendered":"\u00abLAS TARDECITAS DE TORTUGAS\u00bb SIGUEN CONQUISTANDO A LA REGI\u00d3N"},"content":{"rendered":"<p>Durante el \u00faltimo domingo 13 en la calle Urquiza junto a la Plaza San Mart\u00edn,<a href=\"http:\/\/enteculturalsantafesino.com.ar\/noticias\/2013\/01\/las-tardecitas-de-tortugas-siguen-conquistando-a-la-region\/tardecitas-tortguenses\/\"><img loading=\"lazy\" decoding=\"async\" class=\"alignright size-medium wp-image-8053\" alt=\"tardecitas tortguenses\" src=\"http:\/\/enteculturalsantafesino.com.ar\/noticias\/wp-content\/uploads\/2013\/01\/tardecitas-tortguenses-300x225.jpg\" width=\"300\" height=\"225\" srcset=\"http:\/\/enteculturalsantafesino.com.ar\/usina1\/wp-content\/uploads\/2013\/01\/tardecitas-tortguenses-300x225.jpg 300w, http:\/\/enteculturalsantafesino.com.ar\/usina1\/wp-content\/uploads\/2013\/01\/tardecitas-tortguenses.jpg 960w\" sizes=\"(max-width: 300px) 100vw, 300px\" \/><\/a><\/p>\n<p>en el coraz\u00f3n de la comunidad de Tortugas, la Secretar\u00eda de la Juventud dispuso la segunda jornada de este evento cultural que re\u00fane a toda una regi\u00f3n.<\/p>\n<p>Alrededor de 2500 personas disfrutaron del talento y las distintas expresiones culturales que pisaron el escenario principal: <strong>La Orquesta Municipal de Ca\u00f1ada de G\u00f3mez<\/strong> con todo el ritmo del 2&#215;4 y brindando calidad y excelentes matices a la noche; la presencia del folcore tradicional que lleg\u00f3 de la mano de <strong>La Vuelta ( Carlos Pellegrini<\/strong>); toda la fuerza y la excelente respuesta a los cr\u00e9ditos locales\u00a0 <strong>Los Hermanos Batalla<\/strong> y un impecable show; el cierre fue a todo baile junto a <strong>Los Lirios de\u00a0Santa Fe.<\/strong><\/p>\n<p><strong><span style=\"text-decoration: underline;\">Tercera edici\u00f3n de las\u00a0\u00abTardecitas de Tortugas\u00bb<\/span><\/strong><\/p>\n<p>Se realizar\u00e1 este pr\u00f3ximo <strong><em>domingo 20\u00a0desde las 21hs en Plaza San Mart\u00edn<\/em> <\/strong><\/p>\n<p>con la presentaci\u00f3n de: <em><strong>C\u00eda. de Alma Argentina (Correa) Caco Ansaldi (El Tr\u00e9bol) y el cierre junto a Coty<\/strong><\/em><br \/>\n<em><strong>\u00a0<iframe class='youtube-player youtuber' type='text\/html' width='425' height='355' src='http:\/\/www.youtube.com\/embed\/HBYFiUhuhCE?rel=0&amp;fs=1' webkitAllowFullScreen mozallowfullscreen allowFullScreen frameborder='0'><\/iframe><\/strong><\/em><\/p>\n","protected":false},"excerpt":{"rendered":"<p>Durante el \u00faltimo domingo 13 en la calle Urquiza junto a la Plaza San Mart\u00edn, en el [&hellip;]<\/p>\n","protected":false},"author":3,"featured_media":0,"comment_status":"open","ping_status":"open","sticky":false,"template":"","format":"standard","meta":{"_jetpack_memberships_contains_paid_content":false,"footnotes":"","jetpack_publicize_message":"","jetpack_publicize_feature_enabled":true,"jetpack_social_post_already_shared":false,"jetpack_social_options":{"image_generator_settings":{"template":"highway","enabled":false}}},"categories":[31],"tags":[],"jetpack_publicize_connections":[],"jetpack_sharing_enabled":true,"jetpack_featured_media_url":"","_links":{"self":[{"href":"http:\/\/enteculturalsantafesino.com.ar\/usina1\/wp-json\/wp\/v2\/posts\/8051"}],"collection":[{"href":"http:\/\/enteculturalsantafesino.com.ar\/usina1\/wp-json\/wp\/v2\/posts"}],"about":[{"href":"http:\/\/enteculturalsantafesino.com.ar\/usina1\/wp-json\/wp\/v2\/types\/post"}],"author":[{"embeddable":true,"href":"http:\/\/enteculturalsantafesino.com.ar\/usina1\/wp-json\/wp\/v2\/users\/3"}],"replies":[{"embeddable":true,"href":"http:\/\/enteculturalsantafesino.com.ar\/usina1\/wp-json\/wp\/v2\/comments?post=8051"}],"version-history":[{"count":0,"href":"http:\/\/enteculturalsantafesino.com.ar\/usina1\/wp-json\/wp\/v2\/posts\/8051\/revisions"}],"wp:attachment":[{"href":"http:\/\/enteculturalsantafesino.com.ar\/usina1\/wp-json\/wp\/v2\/media?parent=8051"}],"wp:term":[{"taxonomy":"category","embeddable":true,"href":"http:\/\/enteculturalsantafesino.com.ar\/usina1\/wp-json\/wp\/v2\/categories?post=8051"},{"taxonomy":"post_tag","embeddable":true,"href":"http:\/\/enteculturalsantafesino.com.ar\/usina1\/wp-json\/wp\/v2\/tags?post=8051"}],"curies":[{"name":"wp","href":"https:\/\/api.w.org\/{rel}","templated":true}]}}