{"id":8066,"date":"2013-01-17T19:07:32","date_gmt":"2013-01-17T19:07:32","guid":{"rendered":"http:\/\/entecultura.com.ar\/noticias\/?p=8066"},"modified":"2013-01-17T19:07:32","modified_gmt":"2013-01-17T19:07:32","slug":"compartiendo-cultura-se-presenta-en-villa-eloisa","status":"publish","type":"post","link":"http:\/\/enteculturalsantafesino.com.ar\/usina1\/2013\/01\/compartiendo-cultura-se-presenta-en-villa-eloisa\/","title":{"rendered":"\u00abCOMPARTIENDO CULTURA\u00bb SE PRESENTA EN VILLA ELO\u00cdSA"},"content":{"rendered":"<p>Hoy jueves 17 desde las 20hs\u00a0se presenta en el Sal\u00f3n Auditorio Comunal el programa cultural<a href=\"http:\/\/enteculturalsantafesino.com.ar\/noticias\/2013\/01\/compartiendo-cultura-se-presenta-en-villa-eloisa\/afiche-villa\/\"><img loading=\"lazy\" decoding=\"async\" class=\"alignright size-medium wp-image-8067\" alt=\"AFICHE VILLA\" src=\"http:\/\/enteculturalsantafesino.com.ar\/noticias\/wp-content\/uploads\/2013\/01\/AFICHE-VILLA-140x300.jpg\" width=\"140\" height=\"300\" srcset=\"http:\/\/enteculturalsantafesino.com.ar\/usina1\/wp-content\/uploads\/2013\/01\/AFICHE-VILLA-140x300.jpg 140w, http:\/\/enteculturalsantafesino.com.ar\/usina1\/wp-content\/uploads\/2013\/01\/AFICHE-VILLA.jpg 180w\" sizes=\"(max-width: 140px) 100vw, 140px\" \/><\/a><\/p>\n<p><a href=\"http:\/\/enteculturalsantafesino.com.ar\/noticias\/tag\/compartiendo-cultura\/\">\u00abCompartiendo Cultura\u00bb, <\/a>el cu\u00e1l se encuentra recorriendo las distintas comunidades que integran el E.R.C.<\/p>\n<p>Las Delegaciones de M\u00e9xico- <em><strong>Danzas Aut\u00f3ctonas Tradicionales del Estado de Quer\u00e9taro\/Grupo Continental<\/strong><\/em> junto a \u00ab<strong>Los Hermanos Palmar\u00bb<\/strong> de Venezuela dir\u00e1n presente con sus expresiones y folclore nacional.<\/p>\n<p>Villa Elo\u00edsa (Depto. Iriondo)\u00a0se integra a esta gira fortaleciendo los lazos de integraci\u00f3n y dando inicio a las gestiones de adhesi\u00f3n al Ente de Cultura.<\/p>\n<p>&nbsp;<\/p>\n","protected":false},"excerpt":{"rendered":"<p>Hoy jueves 17 desde las 20hs\u00a0se presenta en el Sal\u00f3n Auditorio Comunal el programa cultural \u00abCompartiendo Cultura\u00bb, [&hellip;]<\/p>\n","protected":false},"author":3,"featured_media":0,"comment_status":"open","ping_status":"open","sticky":false,"template":"","format":"standard","meta":{"_jetpack_memberships_contains_paid_content":false,"footnotes":"","jetpack_publicize_message":"","jetpack_publicize_feature_enabled":true,"jetpack_social_post_already_shared":false,"jetpack_social_options":{"image_generator_settings":{"template":"highway","enabled":false}}},"categories":[1],"tags":[],"jetpack_publicize_connections":[],"jetpack_sharing_enabled":true,"jetpack_featured_media_url":"","_links":{"self":[{"href":"http:\/\/enteculturalsantafesino.com.ar\/usina1\/wp-json\/wp\/v2\/posts\/8066"}],"collection":[{"href":"http:\/\/enteculturalsantafesino.com.ar\/usina1\/wp-json\/wp\/v2\/posts"}],"about":[{"href":"http:\/\/enteculturalsantafesino.com.ar\/usina1\/wp-json\/wp\/v2\/types\/post"}],"author":[{"embeddable":true,"href":"http:\/\/enteculturalsantafesino.com.ar\/usina1\/wp-json\/wp\/v2\/users\/3"}],"replies":[{"embeddable":true,"href":"http:\/\/enteculturalsantafesino.com.ar\/usina1\/wp-json\/wp\/v2\/comments?post=8066"}],"version-history":[{"count":0,"href":"http:\/\/enteculturalsantafesino.com.ar\/usina1\/wp-json\/wp\/v2\/posts\/8066\/revisions"}],"wp:attachment":[{"href":"http:\/\/enteculturalsantafesino.com.ar\/usina1\/wp-json\/wp\/v2\/media?parent=8066"}],"wp:term":[{"taxonomy":"category","embeddable":true,"href":"http:\/\/enteculturalsantafesino.com.ar\/usina1\/wp-json\/wp\/v2\/categories?post=8066"},{"taxonomy":"post_tag","embeddable":true,"href":"http:\/\/enteculturalsantafesino.com.ar\/usina1\/wp-json\/wp\/v2\/tags?post=8066"}],"curies":[{"name":"wp","href":"https:\/\/api.w.org\/{rel}","templated":true}]}}