{"id":8094,"date":"2013-01-18T17:16:27","date_gmt":"2013-01-18T17:16:27","guid":{"rendered":"http:\/\/entecultura.com.ar\/noticias\/?p=8094"},"modified":"2013-01-18T17:23:41","modified_gmt":"2013-01-18T17:23:41","slug":"canada-de-gomez-se-prepara-para-recibir-a-mexico-y-venezuela","status":"publish","type":"post","link":"http:\/\/enteculturalsantafesino.com.ar\/usina1\/2013\/01\/canada-de-gomez-se-prepara-para-recibir-a-mexico-y-venezuela\/","title":{"rendered":"CA\u00d1ADA DE G\u00d3MEZ SE PREPARA PARA RECIBIR A M\u00c9XICO Y VENEZUELA"},"content":{"rendered":"<p>La <strong>Municipalidad de Ca\u00f1ada de G\u00f3mez<\/strong> junto al <a href=\"http:\/\/www.enteculturalsantafesino.com.ar\">Ente de Cultura<\/a> invitan al <a href=\"http:\/\/enteculturalsantafesino.com.ar\/noticias\/2013\/01\/canada-de-gomez-se-prepara-para-recibir-a-mexico-y-venezuela\/afiche-canada\/\"><img loading=\"lazy\" decoding=\"async\" class=\"alignright size-medium wp-image-8096\" alt=\"afiche ca\u00f1ada\" src=\"http:\/\/enteculturalsantafesino.com.ar\/noticias\/wp-content\/uploads\/2013\/01\/afiche-ca\u00f1ada-211x300.jpg\" width=\"211\" height=\"300\" srcset=\"http:\/\/enteculturalsantafesino.com.ar\/usina1\/wp-content\/uploads\/2013\/01\/afiche-ca\u00f1ada-211x300.jpg 211w, http:\/\/enteculturalsantafesino.com.ar\/usina1\/wp-content\/uploads\/2013\/01\/afiche-ca\u00f1ada.jpg 339w\" sizes=\"(max-width: 211px) 100vw, 211px\" \/><\/a><\/p>\n<p>Festival de Danzas \u00ab<a href=\"http:\/\/enteculturalsantafesino.com.ar\/noticias\/tag\/compartiendo-cultura\/\">Latinoamericano 2013- Compartiendo Cultura\u00bb<\/a><\/p>\n<p>Dicho evento\u00a0se desarrollar\u00e1 en <strong>Plaza de las\u00a0Colectividades<\/strong> el<strong> pr\u00f3ximo s\u00e1bado 19 de enero desde las 20 hs<\/strong>, con la participaci\u00f3n de grupos art\u00edsticos de\u00a0<em><strong>Danzas Aut\u00f3ctonas Tradicionales del Estado de Quer\u00e9taro\/Grupo Continental-M\u00e9xico<\/strong><\/em> junto a \u201c<strong>Los Hermanos Palmar\u201d<\/strong> de <strong>Venezuela<\/strong>\u00a0.<\/p>\n<p><strong>Raquel Di Paola- Secretaria de Cultura<\/strong> invita a disfrutar, reviviendo lo que fue el <a href=\"http:\/\/enteculturalsantafesino.com.ar\/noticias\/2012\/10\/canada-de-gomez-comenzo-el-festival-internacional-de-danza\/\">Festival de Danzas Latinoamericano<\/a>, realizado durante el 2012 en la localidad. Tendremos la posibilidad de tener un \u00e9spect\u00e1culo de primer nivel al aire libre; promoviendo adem\u00e1s,\u00a0al comercio local,\u00a0compartiendo buenos momentos con familiares y amigos en los restaurantes y bares de la ciudad, haciendo un verano con Cultura para Todos!<\/p>\n<p>La gira continuar\u00e1 su recorrido el\u00a0domingo 20 en la localidad de Totoras.<\/p>\n","protected":false},"excerpt":{"rendered":"<p>La Municipalidad de Ca\u00f1ada de G\u00f3mez junto al Ente de Cultura invitan al Festival de Danzas \u00abLatinoamericano [&hellip;]<\/p>\n","protected":false},"author":3,"featured_media":0,"comment_status":"open","ping_status":"open","sticky":false,"template":"","format":"standard","meta":{"_jetpack_memberships_contains_paid_content":false,"footnotes":"","jetpack_publicize_message":"","jetpack_publicize_feature_enabled":true,"jetpack_social_post_already_shared":false,"jetpack_social_options":{"image_generator_settings":{"template":"highway","enabled":false}}},"categories":[11],"tags":[],"jetpack_publicize_connections":[],"jetpack_sharing_enabled":true,"jetpack_featured_media_url":"","_links":{"self":[{"href":"http:\/\/enteculturalsantafesino.com.ar\/usina1\/wp-json\/wp\/v2\/posts\/8094"}],"collection":[{"href":"http:\/\/enteculturalsantafesino.com.ar\/usina1\/wp-json\/wp\/v2\/posts"}],"about":[{"href":"http:\/\/enteculturalsantafesino.com.ar\/usina1\/wp-json\/wp\/v2\/types\/post"}],"author":[{"embeddable":true,"href":"http:\/\/enteculturalsantafesino.com.ar\/usina1\/wp-json\/wp\/v2\/users\/3"}],"replies":[{"embeddable":true,"href":"http:\/\/enteculturalsantafesino.com.ar\/usina1\/wp-json\/wp\/v2\/comments?post=8094"}],"version-history":[{"count":0,"href":"http:\/\/enteculturalsantafesino.com.ar\/usina1\/wp-json\/wp\/v2\/posts\/8094\/revisions"}],"wp:attachment":[{"href":"http:\/\/enteculturalsantafesino.com.ar\/usina1\/wp-json\/wp\/v2\/media?parent=8094"}],"wp:term":[{"taxonomy":"category","embeddable":true,"href":"http:\/\/enteculturalsantafesino.com.ar\/usina1\/wp-json\/wp\/v2\/categories?post=8094"},{"taxonomy":"post_tag","embeddable":true,"href":"http:\/\/enteculturalsantafesino.com.ar\/usina1\/wp-json\/wp\/v2\/tags?post=8094"}],"curies":[{"name":"wp","href":"https:\/\/api.w.org\/{rel}","templated":true}]}}