{"id":8100,"date":"2013-01-19T18:22:53","date_gmt":"2013-01-19T18:22:53","guid":{"rendered":"http:\/\/entecultura.com.ar\/noticias\/?p=8100"},"modified":"2013-01-19T18:22:53","modified_gmt":"2013-01-19T18:22:53","slug":"montes-de-oca-celebro-su-dia-con-colores-latinoamericanos","status":"publish","type":"post","link":"http:\/\/enteculturalsantafesino.com.ar\/usina1\/2013\/01\/montes-de-oca-celebro-su-dia-con-colores-latinoamericanos\/","title":{"rendered":"MONTES DE OCA CELEBR\u00d3 SU D\u00cdA CON COLORES LATINOAMERICANOS"},"content":{"rendered":"<p>Con motivo del festejo de los 125 a\u00f1os de la fundaci\u00f3n de esta comuna, la <a href=\"http:\/\/enteculturalsantafesino.com.ar\/noticias\/2013\/01\/montes-de-oca-celebro-su-dia-con-colores-latinoamericanos\/montes-de-oca-1-2\/\"><img loading=\"lazy\" decoding=\"async\" class=\"alignright size-medium wp-image-8102\" alt=\"montes de oca 1\" src=\"http:\/\/enteculturalsantafesino.com.ar\/noticias\/wp-content\/uploads\/2013\/01\/montes-de-oca-11-300x212.jpg\" width=\"300\" height=\"212\" srcset=\"http:\/\/enteculturalsantafesino.com.ar\/usina1\/wp-content\/uploads\/2013\/01\/montes-de-oca-11-300x212.jpg 300w, http:\/\/enteculturalsantafesino.com.ar\/usina1\/wp-content\/uploads\/2013\/01\/montes-de-oca-11.jpg 960w\" sizes=\"(max-width: 300px) 100vw, 300px\" \/><\/a><\/p>\n<p>serie de festejos comenz\u00f3 el viernes 18 por ser la fecha fundacional, desde las 21 hs. en la Plaza San Mart\u00edn una multitud acompa\u00f1\u00f3 a dicha propuesta. En el marco de\u00a0un Festival Latinoamericano de Danzas, tambi\u00e9n <em>se present\u00f3 la bandera de esa comuna, que ser\u00e1 izada por primera vez el d\u00eda 2 de Febrero<\/em> cuando se inaugure\u00a0 una plaza con motivo de los 125 a\u00f1os de esa comunidad.<\/p>\n<div>Abri\u00f3 el espect\u00e1culo el <em><strong>Ballet de Tango de Montes de Oca<\/strong><\/em>, luego hizo su presentaci\u00f3n el grupo <strong><em>Huellas de mi Pueblo<\/em><\/strong>. La integraci\u00f3n y el compartir entre los artistas que participaban se demostraba en cada momento, llegando el turno de la emoci\u00f3n y la premiaci\u00f3n a trav\u00e9s del aplauso y el silencio a la puesta del <em>Grupo de Bailarines con capacidades diferentes que llegaban desde Rosario.<\/em><\/div>\n<div><a href=\"http:\/\/enteculturalsantafesino.com.ar\/noticias\/2013\/01\/montes-de-oca-celebro-su-dia-con-colores-latinoamericanos\/montes-de-oca-2-2\/\"><img loading=\"lazy\" decoding=\"async\" class=\"alignright size-medium wp-image-8103\" alt=\"montes de oca 2\" src=\"http:\/\/enteculturalsantafesino.com.ar\/noticias\/wp-content\/uploads\/2013\/01\/montes-de-oca-2-300x212.jpg\" width=\"300\" height=\"212\" srcset=\"http:\/\/enteculturalsantafesino.com.ar\/usina1\/wp-content\/uploads\/2013\/01\/montes-de-oca-2-300x212.jpg 300w, http:\/\/enteculturalsantafesino.com.ar\/usina1\/wp-content\/uploads\/2013\/01\/montes-de-oca-2.jpg 960w\" sizes=\"(max-width: 300px) 100vw, 300px\" \/><\/a><\/div>\n<div>M\u00e1s tarde lleg\u00f3 el turno de\u00a0la primera delegaci\u00f3n latinoamericana proveniente de <strong>Paraguay<\/strong>,para cubrir de magia\u00a0e imaginaci\u00f3n en un viaje por nuestra tierra d\u00e1ndole\u00a0 lugar a las delegaciones Venezolanas<strong><em>-\u00abLos Hermanos Palmar y de M\u00e9xico-Grupo de Danzas Aut\u00f3ctonas del Estado de Quer\u00e9taro-Grupo Continental<\/em><\/strong>, los cu\u00e1les conforman el programa cultural <a href=\"http:\/\/enteculturalsantafesino.com.ar\/noticias\/tag\/compartiendo-cultura\/\">\u00abCompartiendo Cultura\u00bb del E.R.C. <\/a>Un p\u00fablico atento y demostrativo aplaudi\u00f3 y reconoci\u00f3 las diversas expresiones que pasaban sobre el escenario principal.<\/div>\n<div><strong>Feliz Cumplea\u00f1os y Muchas Gracias por seguir&#8230;.Compartiendo Cultura&#8230; Juntos, M\u00e1s y Mejor!<\/strong><\/div>\n<div><\/div>\n<div><em>Durante la jornada de este s\u00e1bado 19, el Compartir Cultura se presentar\u00e1 en la Plaza de las Colectividades de Ca\u00f1ada de G\u00f3mez desde las 20hs.<\/em><\/div>\n<div><\/div>\n<div><em>fotos: Claudio Izaguirre<\/em><\/div>\n","protected":false},"excerpt":{"rendered":"<p>Con motivo del festejo de los 125 a\u00f1os de la fundaci\u00f3n de esta comuna, la serie de [&hellip;]<\/p>\n","protected":false},"author":3,"featured_media":0,"comment_status":"open","ping_status":"open","sticky":false,"template":"","format":"standard","meta":{"_jetpack_memberships_contains_paid_content":false,"footnotes":"","jetpack_publicize_message":"","jetpack_publicize_feature_enabled":true,"jetpack_social_post_already_shared":false,"jetpack_social_options":{"image_generator_settings":{"template":"highway","enabled":false}}},"categories":[1,5],"tags":[36,35],"jetpack_publicize_connections":[],"jetpack_sharing_enabled":true,"jetpack_featured_media_url":"","_links":{"self":[{"href":"http:\/\/enteculturalsantafesino.com.ar\/usina1\/wp-json\/wp\/v2\/posts\/8100"}],"collection":[{"href":"http:\/\/enteculturalsantafesino.com.ar\/usina1\/wp-json\/wp\/v2\/posts"}],"about":[{"href":"http:\/\/enteculturalsantafesino.com.ar\/usina1\/wp-json\/wp\/v2\/types\/post"}],"author":[{"embeddable":true,"href":"http:\/\/enteculturalsantafesino.com.ar\/usina1\/wp-json\/wp\/v2\/users\/3"}],"replies":[{"embeddable":true,"href":"http:\/\/enteculturalsantafesino.com.ar\/usina1\/wp-json\/wp\/v2\/comments?post=8100"}],"version-history":[{"count":0,"href":"http:\/\/enteculturalsantafesino.com.ar\/usina1\/wp-json\/wp\/v2\/posts\/8100\/revisions"}],"wp:attachment":[{"href":"http:\/\/enteculturalsantafesino.com.ar\/usina1\/wp-json\/wp\/v2\/media?parent=8100"}],"wp:term":[{"taxonomy":"category","embeddable":true,"href":"http:\/\/enteculturalsantafesino.com.ar\/usina1\/wp-json\/wp\/v2\/categories?post=8100"},{"taxonomy":"post_tag","embeddable":true,"href":"http:\/\/enteculturalsantafesino.com.ar\/usina1\/wp-json\/wp\/v2\/tags?post=8100"}],"curies":[{"name":"wp","href":"https:\/\/api.w.org\/{rel}","templated":true}]}}