{"id":8111,"date":"2013-01-19T19:35:39","date_gmt":"2013-01-19T19:35:39","guid":{"rendered":"http:\/\/entecultura.com.ar\/noticias\/?p=8111"},"modified":"2013-01-19T19:39:14","modified_gmt":"2013-01-19T19:39:14","slug":"diego-guinazu-canto-en-dale-la-tarde-canal-13","status":"publish","type":"post","link":"http:\/\/enteculturalsantafesino.com.ar\/usina1\/2013\/01\/diego-guinazu-canto-en-dale-la-tarde-canal-13\/","title":{"rendered":"DIEGO GUI\u00d1AZ\u00da CANT\u00d3 EN \u00abDALE LA TARDE\u00bb- CANAL 13"},"content":{"rendered":"<p itemprop=\"name\"><em>Florencia Pe\u00f1a y Mariano I\u00fadica<\/em> recibieron en el estudio de \u00ab<em>Dale la tarde\u00bb<a href=\"http:\/\/enteculturalsantafesino.com.ar\/noticias\/2013\/01\/diego-guinazu-canto-en-dale-la-tarde-canal-13\/guinazu-13-058\/\"><img loading=\"lazy\" decoding=\"async\" class=\"alignright size-medium wp-image-8112\" alt=\"gui\u00f1azu 13 058\" src=\"http:\/\/enteculturalsantafesino.com.ar\/noticias\/wp-content\/uploads\/2013\/01\/gui\u00f1azu-13-058-300x225.jpg\" width=\"300\" height=\"225\" srcset=\"http:\/\/enteculturalsantafesino.com.ar\/usina1\/wp-content\/uploads\/2013\/01\/gui\u00f1azu-13-058-300x225.jpg 300w, http:\/\/enteculturalsantafesino.com.ar\/usina1\/wp-content\/uploads\/2013\/01\/gui\u00f1azu-13-058-1024x768.jpg 1024w, http:\/\/enteculturalsantafesino.com.ar\/usina1\/wp-content\/uploads\/2013\/01\/gui\u00f1azu-13-058.jpg 1200w\" sizes=\"(max-width: 300px) 100vw, 300px\" \/><\/a><\/em><\/p>\n<p itemprop=\"name\">a 3 de los finalistas de So\u00f1ando por cantar. Adem\u00e1s de recordar su paso por el certamen, cada uno de los participantes se anim\u00f3 a cantar en vivo, llenando de m\u00fasica y talento la tarde de El trece.<\/p>\n<div>\n<p><span style=\"text-decoration: underline;\"><em><strong>CANTANDO Y SO\u00d1ANDO<\/strong><\/em><\/span><\/p>\n<p>El repaso por los finalistas de So\u00f1ando por Cantar ocup\u00f3 la primera parte del programa con algunos de los mejores exponentes descubiertos en el ciclo: la familia Charriol (de C\u00f3rdoba) emocion\u00f3 con sus peque\u00f1as ni\u00f1as \u2013de entre 5 y 14 a\u00f1os- que le dedicaron canciones a una amiguita fallecida y a todos los chicos. La rionegrina Gladys Aristimu\u00f1o, que hab\u00eda brillado en la noche del 25 de mayo, reapareci\u00f3 en escena al igual que el santafesino <strong>Diego Gui\u00f1az\u00fa (de Totoras), que le dedic\u00f3 \u201cYou are so beautiful\u201d a una mujer.<\/strong> Adem\u00e1s, Mariano adelant\u00f3 que la vuelta de \u201cSo\u00f1ando por Cantar\u201d ser\u00e1 con el extraordinario jurado oficial compuesto por Valeria Lynch, Patricia Sosa, Alejandro Lerner y Oscar Mediavilla.<\/p>\n<p>&nbsp;<\/p>\n<\/div>\n","protected":false},"excerpt":{"rendered":"<p>Florencia Pe\u00f1a y Mariano I\u00fadica recibieron en el estudio de \u00abDale la tarde\u00bb a 3 de los [&hellip;]<\/p>\n","protected":false},"author":3,"featured_media":0,"comment_status":"open","ping_status":"open","sticky":false,"template":"","format":"standard","meta":{"_jetpack_memberships_contains_paid_content":false,"footnotes":"","jetpack_publicize_message":"","jetpack_publicize_feature_enabled":true,"jetpack_social_post_already_shared":false,"jetpack_social_options":{"image_generator_settings":{"template":"highway","enabled":false}}},"categories":[27],"tags":[],"jetpack_publicize_connections":[],"jetpack_sharing_enabled":true,"jetpack_featured_media_url":"","_links":{"self":[{"href":"http:\/\/enteculturalsantafesino.com.ar\/usina1\/wp-json\/wp\/v2\/posts\/8111"}],"collection":[{"href":"http:\/\/enteculturalsantafesino.com.ar\/usina1\/wp-json\/wp\/v2\/posts"}],"about":[{"href":"http:\/\/enteculturalsantafesino.com.ar\/usina1\/wp-json\/wp\/v2\/types\/post"}],"author":[{"embeddable":true,"href":"http:\/\/enteculturalsantafesino.com.ar\/usina1\/wp-json\/wp\/v2\/users\/3"}],"replies":[{"embeddable":true,"href":"http:\/\/enteculturalsantafesino.com.ar\/usina1\/wp-json\/wp\/v2\/comments?post=8111"}],"version-history":[{"count":0,"href":"http:\/\/enteculturalsantafesino.com.ar\/usina1\/wp-json\/wp\/v2\/posts\/8111\/revisions"}],"wp:attachment":[{"href":"http:\/\/enteculturalsantafesino.com.ar\/usina1\/wp-json\/wp\/v2\/media?parent=8111"}],"wp:term":[{"taxonomy":"category","embeddable":true,"href":"http:\/\/enteculturalsantafesino.com.ar\/usina1\/wp-json\/wp\/v2\/categories?post=8111"},{"taxonomy":"post_tag","embeddable":true,"href":"http:\/\/enteculturalsantafesino.com.ar\/usina1\/wp-json\/wp\/v2\/tags?post=8111"}],"curies":[{"name":"wp","href":"https:\/\/api.w.org\/{rel}","templated":true}]}}