{"id":8118,"date":"2013-01-20T20:31:43","date_gmt":"2013-01-20T20:31:43","guid":{"rendered":"http:\/\/entecultura.com.ar\/noticias\/?p=8118"},"modified":"2013-01-20T20:34:52","modified_gmt":"2013-01-20T20:34:52","slug":"canada-de-gomez-recibio-las-delegaciones-de-mexico-y-venezuela","status":"publish","type":"post","link":"http:\/\/enteculturalsantafesino.com.ar\/usina1\/2013\/01\/canada-de-gomez-recibio-las-delegaciones-de-mexico-y-venezuela\/","title":{"rendered":"CA\u00d1ADA DE G\u00d3MEZ RECIBI\u00d3 LAS DELEGACIONES DE M\u00c9XICO Y VENEZUELA"},"content":{"rendered":"<p>Durante la noche del s\u00e1bado 19 en la Plaza de las Colectividades<a href=\"http:\/\/enteculturalsantafesino.com.ar\/noticias\/2013\/01\/canada-de-gomez-recibio-las-delegaciones-de-mexico-y-venezuela\/gira-canada-de-gomez-023\/\"><img loading=\"lazy\" decoding=\"async\" class=\"alignright size-medium wp-image-8119\" alt=\"gira ca\u00f1ada de g\u00f3mez 023\" src=\"http:\/\/enteculturalsantafesino.com.ar\/noticias\/wp-content\/uploads\/2013\/01\/gira-ca\u00f1ada-de-g\u00f3mez-023-300x225.jpg\" width=\"300\" height=\"225\" srcset=\"http:\/\/enteculturalsantafesino.com.ar\/usina1\/wp-content\/uploads\/2013\/01\/gira-ca\u00f1ada-de-g\u00f3mez-023-300x225.jpg 300w, http:\/\/enteculturalsantafesino.com.ar\/usina1\/wp-content\/uploads\/2013\/01\/gira-ca\u00f1ada-de-g\u00f3mez-023-1024x768.jpg 1024w, http:\/\/enteculturalsantafesino.com.ar\/usina1\/wp-content\/uploads\/2013\/01\/gira-ca\u00f1ada-de-g\u00f3mez-023.jpg 1200w\" sizes=\"(max-width: 300px) 100vw, 300px\" \/><\/a><\/p>\n<p>(coraz\u00f3n de la ciudad). Un p\u00fablico atento y dispuesto recibi\u00f3 a las Delegaciones de M\u00e9xico y Venezuela, quienes se encuentran recorriendo las comunidades de nuestra regi\u00f3n desde el d\u00eda 11 del corriente a trav\u00e9s del programa cultural <a href=\"http:\/\/enteculturalsantafesino.com.ar\/noticias\/tag\/compartiendo-cultura\/\">\u00abCompartiendo Cultura\u00bb del E.R.C.\u00a0<\/a><\/p>\n<p>El <em><strong>Grupo de Danzas Aut\u00f3ctonas del estado de Quer\u00e9taro junto al Grupo Continental<\/strong><\/em> di\u00f3 inici\u00f3 a la noche con diversas coreograf\u00edas y canciones que recorren toda la idiosincracia y cultura del pa\u00eds\u00a0azteca.<\/p>\n<p>Luego lleg\u00f3 el momento de <strong>Los Hermanos Palmar-Venezuela<\/strong>, quienes demostraron sobre el escenario todo el ritmo del caribe que se transmite desde las venas mismas de los protagonistas; los cu\u00e1les promueven su\u00a0amor a la m\u00fasica y cultura de su pa\u00eds.\u00a0 Una vez m\u00e1s volcaron todo el esplendor y virtuosismo de su\u00a0propuesta cultural, cautivando al p\u00fablico a sumarse desde el ritmo y la m\u00fasica a disfrutar de un excelente momento, compartiendo e integrando pa\u00edses,pueblos, cultura y\u00a0personas.<a href=\"http:\/\/enteculturalsantafesino.com.ar\/noticias\/2013\/01\/canada-de-gomez-recibio-las-delegaciones-de-mexico-y-venezuela\/gira-canada-de-gomez-017\/\"><img loading=\"lazy\" decoding=\"async\" class=\"alignright size-medium wp-image-8120\" alt=\"gira ca\u00f1ada de g\u00f3mez 017\" src=\"http:\/\/enteculturalsantafesino.com.ar\/noticias\/wp-content\/uploads\/2013\/01\/gira-ca\u00f1ada-de-g\u00f3mez-017-300x225.jpg\" width=\"300\" height=\"225\" srcset=\"http:\/\/enteculturalsantafesino.com.ar\/usina1\/wp-content\/uploads\/2013\/01\/gira-ca\u00f1ada-de-g\u00f3mez-017-300x225.jpg 300w, http:\/\/enteculturalsantafesino.com.ar\/usina1\/wp-content\/uploads\/2013\/01\/gira-ca\u00f1ada-de-g\u00f3mez-017-1024x768.jpg 1024w, http:\/\/enteculturalsantafesino.com.ar\/usina1\/wp-content\/uploads\/2013\/01\/gira-ca\u00f1ada-de-g\u00f3mez-017.jpg 1200w\" sizes=\"(max-width: 300px) 100vw, 300px\" \/><\/a><\/p>\n<p>La <strong>Secretaria de Cultura local-Raquel Di Paola<\/strong>, subi\u00f3 al escenario, haciendo entrega de presentes a los protagonistas de la noche, a quienes agradeci\u00f3 por estar en Ca\u00f1ada de G\u00f3mez compartiendo cultura e integrando a nuestra regi\u00f3n.<\/p>\n<p>Los aplausos fueron en todo momento protagonistas, transformandos\u00e9 en el premio m\u00e1s destacado para estas delegaciones integradas por 50 personas.<\/p>\n<p><em>Transgrediendo las fronteras e investigando en todo momento sobre las distintas expresiones culturales de nuestro pa\u00eds, los distintos integrantes de Venezuela y M\u00e9xico, llevan en sus valijas toda la esencia y el cari\u00f1o de argentinidad<\/em>.<\/p>\n<p><em>Este Domingo 20 se presentar\u00e1n en la ciudad de Totoras desde las 20:30hs en el Albergue Municipal<\/em><\/p>\n<p>&nbsp;<\/p>\n","protected":false},"excerpt":{"rendered":"<p>Durante la noche del s\u00e1bado 19 en la Plaza de las Colectividades (coraz\u00f3n de la ciudad). Un [&hellip;]<\/p>\n","protected":false},"author":3,"featured_media":0,"comment_status":"open","ping_status":"open","sticky":false,"template":"","format":"standard","meta":{"_jetpack_memberships_contains_paid_content":false,"footnotes":"","jetpack_publicize_message":"","jetpack_publicize_feature_enabled":true,"jetpack_social_post_already_shared":false,"jetpack_social_options":{"image_generator_settings":{"template":"highway","enabled":false}}},"categories":[11,29],"tags":[36,35],"jetpack_publicize_connections":[],"jetpack_sharing_enabled":true,"jetpack_featured_media_url":"","_links":{"self":[{"href":"http:\/\/enteculturalsantafesino.com.ar\/usina1\/wp-json\/wp\/v2\/posts\/8118"}],"collection":[{"href":"http:\/\/enteculturalsantafesino.com.ar\/usina1\/wp-json\/wp\/v2\/posts"}],"about":[{"href":"http:\/\/enteculturalsantafesino.com.ar\/usina1\/wp-json\/wp\/v2\/types\/post"}],"author":[{"embeddable":true,"href":"http:\/\/enteculturalsantafesino.com.ar\/usina1\/wp-json\/wp\/v2\/users\/3"}],"replies":[{"embeddable":true,"href":"http:\/\/enteculturalsantafesino.com.ar\/usina1\/wp-json\/wp\/v2\/comments?post=8118"}],"version-history":[{"count":0,"href":"http:\/\/enteculturalsantafesino.com.ar\/usina1\/wp-json\/wp\/v2\/posts\/8118\/revisions"}],"wp:attachment":[{"href":"http:\/\/enteculturalsantafesino.com.ar\/usina1\/wp-json\/wp\/v2\/media?parent=8118"}],"wp:term":[{"taxonomy":"category","embeddable":true,"href":"http:\/\/enteculturalsantafesino.com.ar\/usina1\/wp-json\/wp\/v2\/categories?post=8118"},{"taxonomy":"post_tag","embeddable":true,"href":"http:\/\/enteculturalsantafesino.com.ar\/usina1\/wp-json\/wp\/v2\/tags?post=8118"}],"curies":[{"name":"wp","href":"https:\/\/api.w.org\/{rel}","templated":true}]}}