{"id":8135,"date":"2013-01-22T16:05:04","date_gmt":"2013-01-22T16:05:04","guid":{"rendered":"http:\/\/entecultura.com.ar\/noticias\/?p=8135"},"modified":"2013-01-22T16:05:26","modified_gmt":"2013-01-22T16:05:26","slug":"carrizales-est-clarke-recibe-al-compartiendo-cultura","status":"publish","type":"post","link":"http:\/\/enteculturalsantafesino.com.ar\/usina1\/2013\/01\/carrizales-est-clarke-recibe-al-compartiendo-cultura\/","title":{"rendered":"CARRIZALES, EST. CLARKE RECIBE AL \u00abCOMPARTIENDO CULTURA\u00bb"},"content":{"rendered":"<p>Continuando con la gira establecida del 11 al 27 de enero dentro del <a href=\"http:\/\/enteculturalsantafesino.com.ar\/noticias\/2013\/01\/carrizales-est-clarke-recibe-al-compartiendo-cultura\/carrizales\/\"><img loading=\"lazy\" decoding=\"async\" class=\"alignright size-medium wp-image-8136\" alt=\"carrizales\" src=\"http:\/\/enteculturalsantafesino.com.ar\/noticias\/wp-content\/uploads\/2013\/01\/carrizales-300x300.jpg\" width=\"300\" height=\"300\" srcset=\"http:\/\/enteculturalsantafesino.com.ar\/usina1\/wp-content\/uploads\/2013\/01\/carrizales-300x300.jpg 300w, http:\/\/enteculturalsantafesino.com.ar\/usina1\/wp-content\/uploads\/2013\/01\/carrizales-150x150.jpg 150w, http:\/\/enteculturalsantafesino.com.ar\/usina1\/wp-content\/uploads\/2013\/01\/carrizales.jpg 403w\" sizes=\"(max-width: 300px) 100vw, 300px\" \/><\/a><\/p>\n<p>programa cultural <a href=\"http:\/\/enteculturalsantafesino.com.ar\/noticias\/tag\/compartiendo-cultura\/\">\u00abCompartiendo Cultura\u00bb <\/a>a trav\u00e9s de gestiones llevadas a cabo por integrantes del <em>Ente de Cultura, <a href=\"http:\/\/www.cccarrizales.com.ar\/index.html\">Centro Cultural Carrizales<\/a> Clarke y el Senador Hugo Rasetto-Depto Iriondo<\/em> se suma\u00a0a este exitoso recorridoregional la jornada del martes 22, en donde se estar\u00e1n presentando las Delegaciones de Venezuela y M\u00e9xico desde las 20:30hs en el Sal\u00f3n del Club Uni\u00f3n, de dicha comunidad.<\/p>\n<p>La m\u00fasica es la madre de la danza, sin ella no se puede concebir la expresi\u00f3n cultural.<\/p>\n<p>La delegaci\u00f3n de <strong>M\u00e9xico<\/strong> encabezada por\u00a0<em><strong>Sra. Dolores Zu\u00f1iga y la Directora General Aurora Zu\u00f1iga-Grupo de Danzas Aut\u00f3ctonas del Estado de Quer\u00e9taro, junto al Director Musical del Grupo Continental- Julio G\u00e1ndara <\/strong><\/em>y la<em> <strong>Agrupaci\u00f3n Musical de <strong>Venezuela \u201cLos Hermanos Palmar\u201d<\/strong> nacida el 19 de marzo de 2000, <\/strong><\/em>brillar\u00e1n y expondran toda su cultura una vez m\u00e1s en b\u00fasqueda de la integraci\u00f3n y fortalecimiento de los lazo culturales.<\/p>\n<p><a href=\"http:\/\/www.cccarrizales.com.ar\/index.html\"><strong><span style=\"text-decoration: underline;\">Carrizales, Est. Clarke<\/span><\/strong><\/a><\/p>\n<p>La localidad de Carrizales, Est. Clarke, es una de las tantas poblaciones surgidas en el Siglo XIX como consecuencia de la expansi\u00f3n de la red ferroviaria argentina. De ah\u00ed que se la conozca por sus dos nombres: Carrizales, por estar situada en las proximidades de la ca\u00f1ada hom\u00f3nima en la que abundan numerosos carrizos y Estaci\u00f3n Clarke, nombre asignado en m\u00e9rito de quien fuera uno de los impulsores del tendido ferroviario entre Rosario y Tucum\u00e1n.<\/p>\n","protected":false},"excerpt":{"rendered":"<p>Continuando con la gira establecida del 11 al 27 de enero dentro del programa cultural \u00abCompartiendo Cultura\u00bb [&hellip;]<\/p>\n","protected":false},"author":3,"featured_media":0,"comment_status":"open","ping_status":"open","sticky":false,"template":"","format":"standard","meta":{"_jetpack_memberships_contains_paid_content":false,"footnotes":"","jetpack_publicize_message":"","jetpack_publicize_feature_enabled":true,"jetpack_social_post_already_shared":false,"jetpack_social_options":{"image_generator_settings":{"template":"highway","enabled":false}}},"categories":[4,29,6],"tags":[],"jetpack_publicize_connections":[],"jetpack_sharing_enabled":true,"jetpack_featured_media_url":"","_links":{"self":[{"href":"http:\/\/enteculturalsantafesino.com.ar\/usina1\/wp-json\/wp\/v2\/posts\/8135"}],"collection":[{"href":"http:\/\/enteculturalsantafesino.com.ar\/usina1\/wp-json\/wp\/v2\/posts"}],"about":[{"href":"http:\/\/enteculturalsantafesino.com.ar\/usina1\/wp-json\/wp\/v2\/types\/post"}],"author":[{"embeddable":true,"href":"http:\/\/enteculturalsantafesino.com.ar\/usina1\/wp-json\/wp\/v2\/users\/3"}],"replies":[{"embeddable":true,"href":"http:\/\/enteculturalsantafesino.com.ar\/usina1\/wp-json\/wp\/v2\/comments?post=8135"}],"version-history":[{"count":0,"href":"http:\/\/enteculturalsantafesino.com.ar\/usina1\/wp-json\/wp\/v2\/posts\/8135\/revisions"}],"wp:attachment":[{"href":"http:\/\/enteculturalsantafesino.com.ar\/usina1\/wp-json\/wp\/v2\/media?parent=8135"}],"wp:term":[{"taxonomy":"category","embeddable":true,"href":"http:\/\/enteculturalsantafesino.com.ar\/usina1\/wp-json\/wp\/v2\/categories?post=8135"},{"taxonomy":"post_tag","embeddable":true,"href":"http:\/\/enteculturalsantafesino.com.ar\/usina1\/wp-json\/wp\/v2\/tags?post=8135"}],"curies":[{"name":"wp","href":"https:\/\/api.w.org\/{rel}","templated":true}]}}