{"id":8141,"date":"2013-01-23T12:30:54","date_gmt":"2013-01-23T12:30:54","guid":{"rendered":"http:\/\/entecultura.com.ar\/noticias\/?p=8141"},"modified":"2013-01-23T12:30:54","modified_gmt":"2013-01-23T12:30:54","slug":"carrizales-disfruto-del-compartiendo-cultura","status":"publish","type":"post","link":"http:\/\/enteculturalsantafesino.com.ar\/usina1\/2013\/01\/carrizales-disfruto-del-compartiendo-cultura\/","title":{"rendered":"CARRIZALES DISFRUT\u00d3 DEL \u00abCOMPARTIENDO CULTURA\u00bb"},"content":{"rendered":"<p><a href=\"http:\/\/enteculturalsantafesino.com.ar\/noticias\/tag\/compartiendo-cultura\/\">\u00abCompartiendo Cultura\u00bb<\/a>\u00a0 se present\u00f3 durante la\u00a0noche del <em><strong>martes 22,<\/strong> <a href=\"http:\/\/enteculturalsantafesino.com.ar\/noticias\/2013\/01\/carrizales-disfruto-del-compartiendo-cultura\/carrizales-1\/\"><img loading=\"lazy\" decoding=\"async\" class=\"alignright size-medium wp-image-8143\" alt=\"carrizales 1\" src=\"http:\/\/enteculturalsantafesino.com.ar\/noticias\/wp-content\/uploads\/2013\/01\/carrizales-1-300x225.jpg\" width=\"300\" height=\"225\" srcset=\"http:\/\/enteculturalsantafesino.com.ar\/usina1\/wp-content\/uploads\/2013\/01\/carrizales-1-300x225.jpg 300w, http:\/\/enteculturalsantafesino.com.ar\/usina1\/wp-content\/uploads\/2013\/01\/carrizales-1.jpg 960w\" sizes=\"(max-width: 300px) 100vw, 300px\" \/><\/a><\/em><\/p>\n<p><em>en\u00a0las instalaciones del <strong>Club Uni\u00f3n<\/strong><\/em>.<\/p>\n<p>La delegaci\u00f3n de <strong>M\u00e9xico<\/strong> encabezada por <em><strong>Sra. Dolores Zu\u00f1iga y la Directora General Aurora Zu\u00f1iga-Grupo de Danzas Aut\u00f3ctonas del Estado de Quer\u00e9taro, junto al Director Musical del Grupo Continental- Julio G\u00e1ndara <\/strong><\/em>y la<em> <strong>Agrupaci\u00f3n Musical de <strong>Venezuela \u201cLos Hermanos Palmar\u201d<\/strong> nacida el 19 de marzo de 2000, <\/strong><\/em>expusieron todo su potencial cultural, originando la participaci\u00f3n y reconocimiento de todos los presentes.<\/p>\n<p><em>Los integrantes de Cultura Carrizales Clarke agradecen a las Delegaciones de M\u00e9xico y Venezuela, al Senador Dr. Hugo Rasetto, al Sr. Hern\u00e1n Bollici, <a href=\"http:\/\/enteculturalsantafesino.com.ar\/noticias\/2013\/01\/carrizales-disfruto-del-compartiendo-cultura\/carrizales-2\/\"><img loading=\"lazy\" decoding=\"async\" class=\"alignright size-medium wp-image-8144\" alt=\"carrizales 2\" src=\"http:\/\/enteculturalsantafesino.com.ar\/noticias\/wp-content\/uploads\/2013\/01\/carrizales-2-300x225.jpg\" width=\"300\" height=\"225\" srcset=\"http:\/\/enteculturalsantafesino.com.ar\/usina1\/wp-content\/uploads\/2013\/01\/carrizales-2-300x225.jpg 300w, http:\/\/enteculturalsantafesino.com.ar\/usina1\/wp-content\/uploads\/2013\/01\/carrizales-2.jpg 960w\" sizes=\"(max-width: 300px) 100vw, 300px\" \/><\/a><\/em><\/p>\n<p><em>a <\/em><em>los colaboradores de la localidad y al <a href=\"http:\/\/www.enteculturalsantafesino.com.ar\">Ente de Cultura.<\/a><\/em><\/p>\n<p><a href=\"http:\/\/www.cccarrizales.com.ar\/index.html\"><strong>Carrizales, Est. Clarke<\/strong><\/a><\/p>\n<p>La localidad de Carrizales, Est. Clarke, es una de las tantas poblaciones surgidas en el Siglo XIX como consecuencia de la expansi\u00f3n de la red ferroviaria argentina. De ah\u00ed que se la conozca por sus dos nombres: Carrizales, por estar situada en las proximidades de la ca\u00f1ada hom\u00f3nima en la que abundan numerosos carrizos y Estaci\u00f3n Clarke, nombre asignado en m\u00e9rito de quien fuera uno de los impulsores del tendido ferroviario entre Rosario y Tucum\u00e1n.<\/p>\n","protected":false},"excerpt":{"rendered":"<p>\u00abCompartiendo Cultura\u00bb\u00a0 se present\u00f3 durante la\u00a0noche del martes 22, en\u00a0las instalaciones del Club Uni\u00f3n. La delegaci\u00f3n de [&hellip;]<\/p>\n","protected":false},"author":3,"featured_media":0,"comment_status":"open","ping_status":"open","sticky":false,"template":"","format":"standard","meta":{"_jetpack_memberships_contains_paid_content":false,"footnotes":"","jetpack_publicize_message":"","jetpack_publicize_feature_enabled":true,"jetpack_social_post_already_shared":false,"jetpack_social_options":{"image_generator_settings":{"template":"highway","enabled":false}}},"categories":[1],"tags":[36,35],"jetpack_publicize_connections":[],"jetpack_sharing_enabled":true,"jetpack_featured_media_url":"","_links":{"self":[{"href":"http:\/\/enteculturalsantafesino.com.ar\/usina1\/wp-json\/wp\/v2\/posts\/8141"}],"collection":[{"href":"http:\/\/enteculturalsantafesino.com.ar\/usina1\/wp-json\/wp\/v2\/posts"}],"about":[{"href":"http:\/\/enteculturalsantafesino.com.ar\/usina1\/wp-json\/wp\/v2\/types\/post"}],"author":[{"embeddable":true,"href":"http:\/\/enteculturalsantafesino.com.ar\/usina1\/wp-json\/wp\/v2\/users\/3"}],"replies":[{"embeddable":true,"href":"http:\/\/enteculturalsantafesino.com.ar\/usina1\/wp-json\/wp\/v2\/comments?post=8141"}],"version-history":[{"count":0,"href":"http:\/\/enteculturalsantafesino.com.ar\/usina1\/wp-json\/wp\/v2\/posts\/8141\/revisions"}],"wp:attachment":[{"href":"http:\/\/enteculturalsantafesino.com.ar\/usina1\/wp-json\/wp\/v2\/media?parent=8141"}],"wp:term":[{"taxonomy":"category","embeddable":true,"href":"http:\/\/enteculturalsantafesino.com.ar\/usina1\/wp-json\/wp\/v2\/categories?post=8141"},{"taxonomy":"post_tag","embeddable":true,"href":"http:\/\/enteculturalsantafesino.com.ar\/usina1\/wp-json\/wp\/v2\/tags?post=8141"}],"curies":[{"name":"wp","href":"https:\/\/api.w.org\/{rel}","templated":true}]}}