{"id":8147,"date":"2013-01-23T13:30:33","date_gmt":"2013-01-23T13:30:33","guid":{"rendered":"http:\/\/entecultura.com.ar\/noticias\/?p=8147"},"modified":"2013-01-23T13:30:34","modified_gmt":"2013-01-23T13:30:34","slug":"la-fiesta-provincial-del-trigo-recibe-a-mexico-y-venezuela","status":"publish","type":"post","link":"http:\/\/enteculturalsantafesino.com.ar\/usina1\/2013\/01\/la-fiesta-provincial-del-trigo-recibe-a-mexico-y-venezuela\/","title":{"rendered":"LA FIESTA PROVINCIAL DEL TRIGO RECIBE A M\u00c9XICO Y VENEZUELA"},"content":{"rendered":"<p>La Municipalidad de San Genaro a trav\u00e9s del <a href=\"http:\/\/www.enteculturalsantafesino.com.ar\">Ente Regional de Cultura<\/a> gestion\u00f3 la participaci\u00f3n de <a href=\"http:\/\/enteculturalsantafesino.com.ar\/noticias\/2013\/01\/la-fiesta-provincial-del-trigo-recibe-a-mexico-y-venezuela\/trigo-2\/\"><img loading=\"lazy\" decoding=\"async\" class=\"alignright size-full wp-image-8148\" alt=\"TRIGO\" src=\"http:\/\/enteculturalsantafesino.com.ar\/noticias\/wp-content\/uploads\/2013\/01\/TRIGO.png\" width=\"160\" height=\"160\" srcset=\"http:\/\/enteculturalsantafesino.com.ar\/usina1\/wp-content\/uploads\/2013\/01\/TRIGO.png 160w, http:\/\/enteculturalsantafesino.com.ar\/usina1\/wp-content\/uploads\/2013\/01\/TRIGO-150x150.png 150w\" sizes=\"(max-width: 160px) 100vw, 160px\" \/><\/a><\/p>\n<p>estos prestigiosos ballets los cuales se presentar\u00e1n en la <a href=\"http:\/\/www.sportivorivadavia.com\/\"><strong>53\u00b0 Fiesta Provincial del Trigo<\/strong><\/a> a desarrollarse en el Club Sportivo Rivadavia en la noche del <strong>jueves 24 de enero<\/strong>. Recordando que el espect\u00e1culo ser\u00e1 con entrada libre y gratuita.<\/p>\n<p>La gira denominada <a href=\"http:\/\/enteculturalsantafesino.com.ar\/noticias\/tag\/compartiendo-cultura\/\">Compartiendo Cultura <\/a>continuar\u00e1 el dia <strong>Viernes 25<\/strong> en la ciudad de <strong>El Tr\u00e9bol,<\/strong> <strong>S\u00e1bado 26<\/strong> en <strong>San Vicente<\/strong> y <strong>Domingo 27<\/strong> en la comunidad de <strong>Tortugas<\/strong>. Finalizado el recorrido cultural en nuestra regi\u00f3n seguir\u00e1n su viaje hacia Santiago del Estero al <a href=\"http:\/\/www.festivallasalamanca.gov.ar\/labanda\/las-danzas-tradicionales-salamanca-2013\/\">Festival de la Salamanca<\/a><\/p>\n","protected":false},"excerpt":{"rendered":"<p>La Municipalidad de San Genaro a trav\u00e9s del Ente Regional de Cultura gestion\u00f3 la participaci\u00f3n de estos [&hellip;]<\/p>\n","protected":false},"author":3,"featured_media":0,"comment_status":"open","ping_status":"open","sticky":false,"template":"","format":"standard","meta":{"_jetpack_memberships_contains_paid_content":false,"footnotes":"","jetpack_publicize_message":"","jetpack_publicize_feature_enabled":true,"jetpack_social_post_already_shared":false,"jetpack_social_options":{"image_generator_settings":{"template":"highway","enabled":false}}},"categories":[1],"tags":[],"jetpack_publicize_connections":[],"jetpack_sharing_enabled":true,"jetpack_featured_media_url":"","_links":{"self":[{"href":"http:\/\/enteculturalsantafesino.com.ar\/usina1\/wp-json\/wp\/v2\/posts\/8147"}],"collection":[{"href":"http:\/\/enteculturalsantafesino.com.ar\/usina1\/wp-json\/wp\/v2\/posts"}],"about":[{"href":"http:\/\/enteculturalsantafesino.com.ar\/usina1\/wp-json\/wp\/v2\/types\/post"}],"author":[{"embeddable":true,"href":"http:\/\/enteculturalsantafesino.com.ar\/usina1\/wp-json\/wp\/v2\/users\/3"}],"replies":[{"embeddable":true,"href":"http:\/\/enteculturalsantafesino.com.ar\/usina1\/wp-json\/wp\/v2\/comments?post=8147"}],"version-history":[{"count":0,"href":"http:\/\/enteculturalsantafesino.com.ar\/usina1\/wp-json\/wp\/v2\/posts\/8147\/revisions"}],"wp:attachment":[{"href":"http:\/\/enteculturalsantafesino.com.ar\/usina1\/wp-json\/wp\/v2\/media?parent=8147"}],"wp:term":[{"taxonomy":"category","embeddable":true,"href":"http:\/\/enteculturalsantafesino.com.ar\/usina1\/wp-json\/wp\/v2\/categories?post=8147"},{"taxonomy":"post_tag","embeddable":true,"href":"http:\/\/enteculturalsantafesino.com.ar\/usina1\/wp-json\/wp\/v2\/tags?post=8147"}],"curies":[{"name":"wp","href":"https:\/\/api.w.org\/{rel}","templated":true}]}}