{"id":8183,"date":"2013-01-25T14:39:44","date_gmt":"2013-01-25T14:39:44","guid":{"rendered":"http:\/\/entecultura.com.ar\/noticias\/?p=8183"},"modified":"2013-01-25T21:52:32","modified_gmt":"2013-01-25T21:52:32","slug":"san-genaro-compartiendo-cultura-brillo-en-la-fiesta-del-trigo","status":"publish","type":"post","link":"http:\/\/enteculturalsantafesino.com.ar\/usina1\/2013\/01\/san-genaro-compartiendo-cultura-brillo-en-la-fiesta-del-trigo\/","title":{"rendered":"SAN GENARO: \u00abCOMPARTIENDO CULTURA\u00bb BRILL\u00d3 EN LA FIESTA DEL TRIGO"},"content":{"rendered":"<p>San Genaro vivi\u00f3 una gran noche de espect\u00e1culo cultural en el marco de la <a href=\"http:\/\/enteculturalsantafesino.com.ar\/noticias\/2013\/01\/san-genaro-compartiendo-cultura-brillo-en-la-fiesta-del-trigo\/trigo-3\/\"><img loading=\"lazy\" decoding=\"async\" class=\"alignright size-medium wp-image-8184\" alt=\"TRIGO\" src=\"http:\/\/enteculturalsantafesino.com.ar\/noticias\/wp-content\/uploads\/2013\/01\/TRIGO-300x225.jpg\" width=\"300\" height=\"225\" srcset=\"http:\/\/enteculturalsantafesino.com.ar\/usina1\/wp-content\/uploads\/2013\/01\/TRIGO-300x225.jpg 300w, http:\/\/enteculturalsantafesino.com.ar\/usina1\/wp-content\/uploads\/2013\/01\/TRIGO.jpg 960w\" sizes=\"(max-width: 300px) 100vw, 300px\" \/><\/a><\/p>\n<p><em><strong>Fiesta Provincial del Trigo<\/strong> <\/em>organizada por el Club Sportivo Rivadavia de nuestra ciudad, gestionado por la<strong><em> Municipalidad de San Genaro ante el Ente Regional de Cultura<\/em><\/strong> se presentaron las <em>delegaciones de M\u00e9xico y Venezuela<\/em> las cuales mostraron sobre el escenario sus ritmos aut\u00f3ctonos y destrezas de baile.<\/p>\n<p>Todo el p\u00fablico presente reconoci\u00f3 con aplausos al <em>Grupo de Danzas Aut\u00f3ctonas del estado de Quer\u00e9taro<\/em>,<em> M\u00e9xico<\/em>, quienes interpretaron coreograf\u00edas folcl\u00f3ricas del pa\u00eds azteca. Luego fue el turno de <em>Los Hermanos Palmar de Venezuela<\/em>, quienes desplegaron todo el colorido caribe\u00f1o.<\/p>\n<p>Sobre el final el Coordinador de Cultura de la Municipalidad de San Genaro, <strong>Juan Carlos Baez<\/strong> y su asesor cultural, <strong>Jorge Mu\u00f1oz<\/strong> hicieron entrega de presentes a los referentes de cada Ballets.<\/p>\n","protected":false},"excerpt":{"rendered":"<p>San Genaro vivi\u00f3 una gran noche de espect\u00e1culo cultural en el marco de la Fiesta Provincial del [&hellip;]<\/p>\n","protected":false},"author":3,"featured_media":0,"comment_status":"open","ping_status":"open","sticky":false,"template":"","format":"standard","meta":{"_jetpack_memberships_contains_paid_content":false,"footnotes":"","jetpack_publicize_message":"","jetpack_publicize_feature_enabled":true,"jetpack_social_post_already_shared":false,"jetpack_social_options":{"image_generator_settings":{"template":"highway","enabled":false}}},"categories":[28],"tags":[36,35],"jetpack_publicize_connections":[],"jetpack_sharing_enabled":true,"jetpack_featured_media_url":"","_links":{"self":[{"href":"http:\/\/enteculturalsantafesino.com.ar\/usina1\/wp-json\/wp\/v2\/posts\/8183"}],"collection":[{"href":"http:\/\/enteculturalsantafesino.com.ar\/usina1\/wp-json\/wp\/v2\/posts"}],"about":[{"href":"http:\/\/enteculturalsantafesino.com.ar\/usina1\/wp-json\/wp\/v2\/types\/post"}],"author":[{"embeddable":true,"href":"http:\/\/enteculturalsantafesino.com.ar\/usina1\/wp-json\/wp\/v2\/users\/3"}],"replies":[{"embeddable":true,"href":"http:\/\/enteculturalsantafesino.com.ar\/usina1\/wp-json\/wp\/v2\/comments?post=8183"}],"version-history":[{"count":0,"href":"http:\/\/enteculturalsantafesino.com.ar\/usina1\/wp-json\/wp\/v2\/posts\/8183\/revisions"}],"wp:attachment":[{"href":"http:\/\/enteculturalsantafesino.com.ar\/usina1\/wp-json\/wp\/v2\/media?parent=8183"}],"wp:term":[{"taxonomy":"category","embeddable":true,"href":"http:\/\/enteculturalsantafesino.com.ar\/usina1\/wp-json\/wp\/v2\/categories?post=8183"},{"taxonomy":"post_tag","embeddable":true,"href":"http:\/\/enteculturalsantafesino.com.ar\/usina1\/wp-json\/wp\/v2\/tags?post=8183"}],"curies":[{"name":"wp","href":"https:\/\/api.w.org\/{rel}","templated":true}]}}