{"id":8194,"date":"2013-01-25T15:59:03","date_gmt":"2013-01-25T15:59:03","guid":{"rendered":"http:\/\/entecultura.com.ar\/noticias\/?p=8194"},"modified":"2013-01-25T15:59:05","modified_gmt":"2013-01-25T15:59:05","slug":"el-ballet-el-trebol-partio-rumbo-a-dubai","status":"publish","type":"post","link":"http:\/\/enteculturalsantafesino.com.ar\/usina1\/2013\/01\/el-ballet-el-trebol-partio-rumbo-a-dubai\/","title":{"rendered":"EL BALLET EL TR\u00c9BOL PARTI\u00d3 RUMBO A DUBAI"},"content":{"rendered":"<p>En horas del mediod\u00eda del viernes 25 de enero Ballet El Tr\u00e9bol parti\u00f3 rumbo a Dubai.<a href=\"http:\/\/enteculturalsantafesino.com.ar\/noticias\/2013\/01\/el-ballet-el-trebol-partio-rumbo-a-dubai\/timthumb\/\"><img loading=\"lazy\" decoding=\"async\" class=\"alignright size-full wp-image-8195\" alt=\"timthumb\" src=\"http:\/\/enteculturalsantafesino.com.ar\/noticias\/wp-content\/uploads\/2013\/01\/timthumb.png\" width=\"230\" height=\"115\" \/><\/a><\/p>\n<p>Salieron desde la\u00a0 Terminal de El Tr\u00e9bol hacia Ezeiza, para luego embarcar hacia los Emiratos \u00c1rabes Unidos.<\/p>\n<p>El Global Village\u00a0 comenz\u00f3 en octubre de 2012 y se extender\u00e1 hasta el 30 de marzo de 2013 en\u00a0 una ciudad marcada por su fuerte car\u00e1cter multicultural, donde conviven personas de todos los pa\u00edses del mundo, y que atrae a m\u00e1s de 5 millones de turistas en cuatro meses, motivados por las interesantes opciones de entretenimiento y compras que ofrece Dubai.<\/p>\n<p>En di\u00e1logo con la\u00a0 Directora de Ballet El Tr\u00e9bol, la Prof. Graciela Pons nos manifestaba: <em><strong>\u201cTras ensayos, preparaci\u00f3n de talleres y presentaciones, como as\u00ed tambi\u00e9n del vestuario del ballet y propio, somos una delegaci\u00f3n de 12 bailarines, 1 asistente, 2 directores, 1 traductora y Manuel que solamente nos acompa\u00f1ar\u00e1 15 d\u00edas que realizamos este viaje\u201d<\/strong><\/em><\/p>\n<p><em><strong>\u201cEste a\u00f1o la duraci\u00f3n del viaje es de dos meses porque vamos representando a Sudam\u00e9rica, donde presentamos un cuadro de Bolivia y otro de Colombia por solicitud de los organizadores y esto nos ha permitido llevar m\u00e1s integrantes y la presencia de Norma Bosio como traductora porque una vez por semana durante la ma\u00f1ana en los distintos colegios vamos a dictar clases: <\/strong><\/em>relat\u00f3 Pons, quien finaliz\u00f3 diciendo: <strong><em>\u201cDurante las semanas tenemos cuatro presentaciones diarias, de 20 minutos cada una, durante 6 d\u00edas y un d\u00eda de descanso, donde en nombre de Ballet El Tr\u00e9bol como ciudad, como Argentina\u00a0 y como Sudam\u00e9rica nos implica una gran responsabilidad y un compromiso, donde lo hacemos con alegr\u00eda, pero sabemos lo que realmente implica\u201d<\/em><\/strong><\/p>\n<p>Fuente: comosomosdigital.com.ar<\/p>\n","protected":false},"excerpt":{"rendered":"<p>En horas del mediod\u00eda del viernes 25 de enero Ballet El Tr\u00e9bol parti\u00f3 rumbo a Dubai. Salieron [&hellip;]<\/p>\n","protected":false},"author":3,"featured_media":0,"comment_status":"open","ping_status":"open","sticky":false,"template":"","format":"standard","meta":{"_jetpack_memberships_contains_paid_content":false,"footnotes":"","jetpack_publicize_message":"","jetpack_publicize_feature_enabled":true,"jetpack_social_post_already_shared":false,"jetpack_social_options":{"image_generator_settings":{"template":"highway","enabled":false}}},"categories":[18],"tags":[],"jetpack_publicize_connections":[],"jetpack_sharing_enabled":true,"jetpack_featured_media_url":"","_links":{"self":[{"href":"http:\/\/enteculturalsantafesino.com.ar\/usina1\/wp-json\/wp\/v2\/posts\/8194"}],"collection":[{"href":"http:\/\/enteculturalsantafesino.com.ar\/usina1\/wp-json\/wp\/v2\/posts"}],"about":[{"href":"http:\/\/enteculturalsantafesino.com.ar\/usina1\/wp-json\/wp\/v2\/types\/post"}],"author":[{"embeddable":true,"href":"http:\/\/enteculturalsantafesino.com.ar\/usina1\/wp-json\/wp\/v2\/users\/3"}],"replies":[{"embeddable":true,"href":"http:\/\/enteculturalsantafesino.com.ar\/usina1\/wp-json\/wp\/v2\/comments?post=8194"}],"version-history":[{"count":0,"href":"http:\/\/enteculturalsantafesino.com.ar\/usina1\/wp-json\/wp\/v2\/posts\/8194\/revisions"}],"wp:attachment":[{"href":"http:\/\/enteculturalsantafesino.com.ar\/usina1\/wp-json\/wp\/v2\/media?parent=8194"}],"wp:term":[{"taxonomy":"category","embeddable":true,"href":"http:\/\/enteculturalsantafesino.com.ar\/usina1\/wp-json\/wp\/v2\/categories?post=8194"},{"taxonomy":"post_tag","embeddable":true,"href":"http:\/\/enteculturalsantafesino.com.ar\/usina1\/wp-json\/wp\/v2\/tags?post=8194"}],"curies":[{"name":"wp","href":"https:\/\/api.w.org\/{rel}","templated":true}]}}