{"id":8198,"date":"2013-01-25T21:52:05","date_gmt":"2013-01-25T21:52:05","guid":{"rendered":"http:\/\/entecultura.com.ar\/noticias\/?p=8198"},"modified":"2013-01-25T21:52:05","modified_gmt":"2013-01-25T21:52:05","slug":"el-intendente-almada-recibio-a-los-ballets-de-mexico-y-venezuela","status":"publish","type":"post","link":"http:\/\/enteculturalsantafesino.com.ar\/usina1\/2013\/01\/el-intendente-almada-recibio-a-los-ballets-de-mexico-y-venezuela\/","title":{"rendered":"EL INTENDENTE ALMADA RECIBI\u00d3 A LOS BALLETS DE M\u00c9XICO Y VENEZUELA"},"content":{"rendered":"<p>En horas de la ma\u00f1ana del viernes 25 de enero, el Intendente Fernando <a href=\"http:\/\/enteculturalsantafesino.com.ar\/noticias\/2013\/01\/el-intendente-almada-recibio-a-los-ballets-de-mexico-y-venezuela\/picasion_com_7e7d127c6099a95c0ca2c1fe0934fcf9\/\"><img loading=\"lazy\" decoding=\"async\" class=\"alignright size-medium wp-image-8199\" alt=\"picasion_com_7e7d127c6099a95c0ca2c1fe0934fcf9\" src=\"http:\/\/enteculturalsantafesino.com.ar\/noticias\/wp-content\/uploads\/2013\/01\/picasion_com_7e7d127c6099a95c0ca2c1fe0934fcf9-300x225.gif\" width=\"300\" height=\"225\" \/><\/a><\/p>\n<p>Almada junto a la Directora de Educaci\u00f3n y Cultura Prof. Alejandra Vismara recibieron\u00a0 a los ballets de M\u00e9xico y Venezuela que hoy despu\u00e9s de la hora 20:30 estar\u00e1n realizando el lanzamiento de los Carnavales Regionales 2013<\/p>\n<p>Se trata del Grupo los Hermanos del Palmar de Venezuela bajo la Direcci\u00f3n de la Prof. Mar\u00eda Palmar y el Grupo Danzas Autoctonas y Tradicionales de Quer\u00e9taro junto a la Universidad Aut\u00f3noma de Quer\u00e9taro a cargo de la\u00a0 Directora Aurora Su\u00f1iga S\u00e1nchez<\/p>\n<p>Las palabras de bienvenida estuvo a cargo del Intendente Almada: <strong><em>\u201cEs un gusto, un orgullo, que est\u00e9n en nuestra ciudad, sabemos que est\u00e1n a trav\u00e9s del Ente Regional de Cultura recorriendo distintos lugares de la zona, donde tenemos la posibilidad de intercambiar, relacionarnos, vincularnos y sobre todos fusionar nuestras culturas latinoamericanas, as\u00ed que es un gusto tenerlos y les damos la bienvenida oficial a nuestra ciudad\u201d<\/em><\/strong><\/p>\n<p>Seguidamente se realiz\u00f3 el tradicional intercambio de presentes y los grupos deleitaron a los medios period\u00edsticos, convocados en conferencia de prensa, con sus danzas caracter\u00edsticas.<\/p>\n<p>Fuente: Comosomosdigital.com.ar<\/p>\n","protected":false},"excerpt":{"rendered":"<p>En horas de la ma\u00f1ana del viernes 25 de enero, el Intendente Fernando Almada junto a la [&hellip;]<\/p>\n","protected":false},"author":3,"featured_media":0,"comment_status":"open","ping_status":"open","sticky":false,"template":"","format":"standard","meta":{"_jetpack_memberships_contains_paid_content":false,"footnotes":"","jetpack_publicize_message":"","jetpack_publicize_feature_enabled":true,"jetpack_social_post_already_shared":false,"jetpack_social_options":{"image_generator_settings":{"template":"highway","enabled":false}}},"categories":[18,29],"tags":[36,35],"jetpack_publicize_connections":[],"jetpack_sharing_enabled":true,"jetpack_featured_media_url":"","_links":{"self":[{"href":"http:\/\/enteculturalsantafesino.com.ar\/usina1\/wp-json\/wp\/v2\/posts\/8198"}],"collection":[{"href":"http:\/\/enteculturalsantafesino.com.ar\/usina1\/wp-json\/wp\/v2\/posts"}],"about":[{"href":"http:\/\/enteculturalsantafesino.com.ar\/usina1\/wp-json\/wp\/v2\/types\/post"}],"author":[{"embeddable":true,"href":"http:\/\/enteculturalsantafesino.com.ar\/usina1\/wp-json\/wp\/v2\/users\/3"}],"replies":[{"embeddable":true,"href":"http:\/\/enteculturalsantafesino.com.ar\/usina1\/wp-json\/wp\/v2\/comments?post=8198"}],"version-history":[{"count":0,"href":"http:\/\/enteculturalsantafesino.com.ar\/usina1\/wp-json\/wp\/v2\/posts\/8198\/revisions"}],"wp:attachment":[{"href":"http:\/\/enteculturalsantafesino.com.ar\/usina1\/wp-json\/wp\/v2\/media?parent=8198"}],"wp:term":[{"taxonomy":"category","embeddable":true,"href":"http:\/\/enteculturalsantafesino.com.ar\/usina1\/wp-json\/wp\/v2\/categories?post=8198"},{"taxonomy":"post_tag","embeddable":true,"href":"http:\/\/enteculturalsantafesino.com.ar\/usina1\/wp-json\/wp\/v2\/tags?post=8198"}],"curies":[{"name":"wp","href":"https:\/\/api.w.org\/{rel}","templated":true}]}}