{"id":8203,"date":"2013-01-26T16:54:36","date_gmt":"2013-01-26T16:54:36","guid":{"rendered":"http:\/\/entecultura.com.ar\/noticias\/?p=8203"},"modified":"2013-01-26T16:54:36","modified_gmt":"2013-01-26T16:54:36","slug":"las-tardecitas-de-tortugas-recibe-al-compartiendo-cultura","status":"publish","type":"post","link":"http:\/\/enteculturalsantafesino.com.ar\/usina1\/2013\/01\/las-tardecitas-de-tortugas-recibe-al-compartiendo-cultura\/","title":{"rendered":"\u00abLAS TARDECITAS DE TORTUGAS\u00bb RECIBE AL \u00abCOMPARTIENDO CULTURA\u00bb"},"content":{"rendered":"<p>El pr\u00f3ximo <strong>domingo 27<\/strong> en <strong>Plaza San Mart\u00edn<\/strong> se llevar\u00e1 a cabo la \u00faltima <a href=\"http:\/\/enteculturalsantafesino.com.ar\/noticias\/2013\/01\/compartiendo-cultura-sigue-su-recorrido-uniendo-a-los-pueblos\/mexico-correa\/\"><img loading=\"lazy\" decoding=\"async\" class=\"alignright size-medium wp-image-8028\" alt=\"mexico correa\" src=\"http:\/\/enteculturalsantafesino.com.ar\/noticias\/wp-content\/uploads\/2013\/01\/mexico-correa-300x201.jpg\" width=\"300\" height=\"201\" srcset=\"http:\/\/enteculturalsantafesino.com.ar\/usina1\/wp-content\/uploads\/2013\/01\/mexico-correa-300x201.jpg 300w, http:\/\/enteculturalsantafesino.com.ar\/usina1\/wp-content\/uploads\/2013\/01\/mexico-correa.jpg 716w\" sizes=\"(max-width: 300px) 100vw, 300px\" \/><\/a><\/p>\n<p>edici\u00f3n de las <strong>\u00abTardecitas de Tortugas\u00bb<\/strong> desde las 21hs, el cl\u00e1sico cultural de la regi\u00f3n dir\u00e1 presente con la finalidad de disfrutar de buena m\u00fasica, danzas y diversas expresiones culturales.<\/p>\n<p>La Comunidad de Tortugas a trav\u00e9s de su adhesi\u00f3n al <a href=\"http:\/\/www.entergionalcultura.com.ar\">Ente de Cultura<\/a> cont\u00f3 con distintos espect\u00e1culos provenientes de las distintas comunidades que integran estes espacio y en esta oportunidad se sumar\u00e1 el programa <a href=\"http:\/\/http:\/\/enteculturalsantafesino.com.ar\/noticias\/tag\/compartiendo-cultura\/\">\u00abCompartiendo Cultura\u00bb<\/a> junto a as Delegaciones integradas por los Ballets Internacionales:\u00a0<em>\u201cGrupo de Danzas Aut\u00f3ctonas del estado de Quer\u00e9taro\u201d y \u201cGrupo Continental\u201d de M\u00e9xico y\u00a0\u00a0 \u201c Agrupaci\u00f3n Musical de Venezuela \u00abHermanos Palmar\u00bb<\/em><\/p>\n<p>Adem\u00e1s la programaci\u00f3n contar\u00e1 con la presencia del <em>Coro de Voces de Tortugas, Daniel Olmos, Serio Torres y Los Lirios<\/em>.<\/p>\n<p>Durante la \u00faltima jornada se estar\u00e1 presentando un video, repasando distintos momentos de las <em>Tardecitas 2013<\/em>, adem\u00e1s se entregar\u00e1n presentes y regalos recordatorios de esta innovadora y popular\u00a0manifestaci\u00f3n cultural que disfrutaron miles de personas, todos los domingos de enero.<\/p>\n","protected":false},"excerpt":{"rendered":"<p>El pr\u00f3ximo domingo 27 en Plaza San Mart\u00edn se llevar\u00e1 a cabo la \u00faltima edici\u00f3n de las [&hellip;]<\/p>\n","protected":false},"author":3,"featured_media":0,"comment_status":"open","ping_status":"open","sticky":false,"template":"","format":"standard","meta":{"_jetpack_memberships_contains_paid_content":false,"footnotes":"","jetpack_publicize_message":"","jetpack_publicize_feature_enabled":true,"jetpack_social_post_already_shared":false,"jetpack_social_options":{"image_generator_settings":{"template":"highway","enabled":false}}},"categories":[29,31],"tags":[],"jetpack_publicize_connections":[],"jetpack_sharing_enabled":true,"jetpack_featured_media_url":"","_links":{"self":[{"href":"http:\/\/enteculturalsantafesino.com.ar\/usina1\/wp-json\/wp\/v2\/posts\/8203"}],"collection":[{"href":"http:\/\/enteculturalsantafesino.com.ar\/usina1\/wp-json\/wp\/v2\/posts"}],"about":[{"href":"http:\/\/enteculturalsantafesino.com.ar\/usina1\/wp-json\/wp\/v2\/types\/post"}],"author":[{"embeddable":true,"href":"http:\/\/enteculturalsantafesino.com.ar\/usina1\/wp-json\/wp\/v2\/users\/3"}],"replies":[{"embeddable":true,"href":"http:\/\/enteculturalsantafesino.com.ar\/usina1\/wp-json\/wp\/v2\/comments?post=8203"}],"version-history":[{"count":0,"href":"http:\/\/enteculturalsantafesino.com.ar\/usina1\/wp-json\/wp\/v2\/posts\/8203\/revisions"}],"wp:attachment":[{"href":"http:\/\/enteculturalsantafesino.com.ar\/usina1\/wp-json\/wp\/v2\/media?parent=8203"}],"wp:term":[{"taxonomy":"category","embeddable":true,"href":"http:\/\/enteculturalsantafesino.com.ar\/usina1\/wp-json\/wp\/v2\/categories?post=8203"},{"taxonomy":"post_tag","embeddable":true,"href":"http:\/\/enteculturalsantafesino.com.ar\/usina1\/wp-json\/wp\/v2\/tags?post=8203"}],"curies":[{"name":"wp","href":"https:\/\/api.w.org\/{rel}","templated":true}]}}