{"id":8206,"date":"2013-01-27T20:55:55","date_gmt":"2013-01-27T20:55:55","guid":{"rendered":"http:\/\/entecultura.com.ar\/noticias\/?p=8206"},"modified":"2013-01-28T14:32:40","modified_gmt":"2013-01-28T14:32:40","slug":"compartiendo-cultura-se-presento-en-el-trebol","status":"publish","type":"post","link":"http:\/\/enteculturalsantafesino.com.ar\/usina1\/2013\/01\/compartiendo-cultura-se-presento-en-el-trebol\/","title":{"rendered":"\u00abCOMPARTIENDO CULTURA\u00bb SE PRESENT\u00d3 EN EL TR\u00c9BOL"},"content":{"rendered":"<p>Durante la noche del viernes 25, frente al Centro C\u00edvico se llev\u00f3 a cabo la <a href=\"http:\/\/enteculturalsantafesino.com.ar\/noticias\/2013\/01\/compartiendo-cultura-se-presento-en-el-trebol\/el-trebol-3\/\"><img loading=\"lazy\" decoding=\"async\" class=\"alignright size-medium wp-image-8207\" alt=\"el trebol\" src=\"http:\/\/enteculturalsantafesino.com.ar\/noticias\/wp-content\/uploads\/2013\/01\/el-trebol-300x225.jpg\" width=\"300\" height=\"225\" srcset=\"http:\/\/enteculturalsantafesino.com.ar\/usina1\/wp-content\/uploads\/2013\/01\/el-trebol-300x225.jpg 300w, http:\/\/enteculturalsantafesino.com.ar\/usina1\/wp-content\/uploads\/2013\/01\/el-trebol.jpg 960w\" sizes=\"(max-width: 300px) 100vw, 300px\" \/><\/a><\/p>\n<p>presentaci\u00f3n del programa cultural del <a href=\"http:\/\/www.enteculturalsantafesino.com.ar\">Ente de Cultura<\/a>:<\/p>\n<p><a href=\"http:\/\/enteculturalsantafesino.com.ar\/noticias\/tag\/compartiendo-cultura\/\">\u00abCompartiendo Cultura\u00bb<\/a> a trav\u00e9s de los Grupos Internacionales\u00a0\u00abLos Hermanos\u00a0Palmar de Venezuela bajo la Direcci\u00f3n de la Prof. Mar\u00eda Palmar y el Grupo Danzas Aut\u00f3ctonas y Tradicionales de Quer\u00e9taro junto a la Universidad Aut\u00f3noma de Quer\u00e9taro a cargo de la\u00a0 Directora Aurora Su\u00f1iga S\u00e1nchez.<\/p>\n<p>La Direcci\u00f3n de Cultura y Educaci\u00f3n de El Tr\u00e9bol present\u00f3 ante la comunidad trebolense esta inciativa innovadora y enriquecedora, como lanzamiento de los \u00abCarnavales Regionales 2013\u00bb a desarrollarse el 16 y 17 de Febrero con una importante programaci\u00f3n.<a href=\"http:\/\/enteculturalsantafesino.com.ar\/noticias\/2013\/01\/compartiendo-cultura-se-presento-en-el-trebol\/centro-civico\/\"><img loading=\"lazy\" decoding=\"async\" class=\"alignright size-medium wp-image-8212\" alt=\"centro civico\" src=\"http:\/\/enteculturalsantafesino.com.ar\/noticias\/wp-content\/uploads\/2013\/01\/centro-civico-300x166.jpg\" width=\"300\" height=\"166\" srcset=\"http:\/\/enteculturalsantafesino.com.ar\/usina1\/wp-content\/uploads\/2013\/01\/centro-civico-300x166.jpg 300w, http:\/\/enteculturalsantafesino.com.ar\/usina1\/wp-content\/uploads\/2013\/01\/centro-civico.jpg 635w\" sizes=\"(max-width: 300px) 100vw, 300px\" \/><\/a><\/p>\n<p>Una\u00a0 vez m\u00e1s las propuestas que llegaban desde Venezuela y M\u00e9xico cautivaron y originaron un clima de festividad permitiendo conocer sobre las diversas expresiones culturales de estos pa\u00edses hermanos.<\/p>\n<p>&nbsp;<\/p>\n","protected":false},"excerpt":{"rendered":"<p>Durante la noche del viernes 25, frente al Centro C\u00edvico se llev\u00f3 a cabo la presentaci\u00f3n del [&hellip;]<\/p>\n","protected":false},"author":3,"featured_media":0,"comment_status":"open","ping_status":"open","sticky":false,"template":"","format":"standard","meta":{"_jetpack_memberships_contains_paid_content":false,"footnotes":"","jetpack_publicize_message":"","jetpack_publicize_feature_enabled":true,"jetpack_social_post_already_shared":false,"jetpack_social_options":{"image_generator_settings":{"template":"highway","enabled":false}}},"categories":[18,29],"tags":[36,35],"jetpack_publicize_connections":[],"jetpack_sharing_enabled":true,"jetpack_featured_media_url":"","_links":{"self":[{"href":"http:\/\/enteculturalsantafesino.com.ar\/usina1\/wp-json\/wp\/v2\/posts\/8206"}],"collection":[{"href":"http:\/\/enteculturalsantafesino.com.ar\/usina1\/wp-json\/wp\/v2\/posts"}],"about":[{"href":"http:\/\/enteculturalsantafesino.com.ar\/usina1\/wp-json\/wp\/v2\/types\/post"}],"author":[{"embeddable":true,"href":"http:\/\/enteculturalsantafesino.com.ar\/usina1\/wp-json\/wp\/v2\/users\/3"}],"replies":[{"embeddable":true,"href":"http:\/\/enteculturalsantafesino.com.ar\/usina1\/wp-json\/wp\/v2\/comments?post=8206"}],"version-history":[{"count":0,"href":"http:\/\/enteculturalsantafesino.com.ar\/usina1\/wp-json\/wp\/v2\/posts\/8206\/revisions"}],"wp:attachment":[{"href":"http:\/\/enteculturalsantafesino.com.ar\/usina1\/wp-json\/wp\/v2\/media?parent=8206"}],"wp:term":[{"taxonomy":"category","embeddable":true,"href":"http:\/\/enteculturalsantafesino.com.ar\/usina1\/wp-json\/wp\/v2\/categories?post=8206"},{"taxonomy":"post_tag","embeddable":true,"href":"http:\/\/enteculturalsantafesino.com.ar\/usina1\/wp-json\/wp\/v2\/tags?post=8206"}],"curies":[{"name":"wp","href":"https:\/\/api.w.org\/{rel}","templated":true}]}}