{"id":8230,"date":"2013-01-28T17:14:06","date_gmt":"2013-01-28T17:14:06","guid":{"rendered":"http:\/\/entecultura.com.ar\/noticias\/?p=8230"},"modified":"2013-01-28T17:14:06","modified_gmt":"2013-01-28T17:14:06","slug":"las-tardecitas-de-tortugas-compartieron-cultura","status":"publish","type":"post","link":"http:\/\/enteculturalsantafesino.com.ar\/usina1\/2013\/01\/las-tardecitas-de-tortugas-compartieron-cultura\/","title":{"rendered":"\u00abLAS TARDECITAS DE TORTUGAS\u00bb COMPARTIERON CULTURA&#8230;"},"content":{"rendered":"<p>Durante el \u00faltimo domingo 27 en la Plaza San Mart\u00edn se vivi\u00f3 la \u00faltima<a href=\"http:\/\/enteculturalsantafesino.com.ar\/noticias\/2013\/01\/las-tardecitas-de-tortugas-compartieron-cultura\/tardecitas-compartiendo\/\"><img loading=\"lazy\" decoding=\"async\" class=\"alignright size-medium wp-image-8231\" alt=\"tardecitas compartiendo\" src=\"http:\/\/enteculturalsantafesino.com.ar\/noticias\/wp-content\/uploads\/2013\/01\/tardecitas-compartiendo-300x225.jpg\" width=\"300\" height=\"225\" srcset=\"http:\/\/enteculturalsantafesino.com.ar\/usina1\/wp-content\/uploads\/2013\/01\/tardecitas-compartiendo-300x225.jpg 300w, http:\/\/enteculturalsantafesino.com.ar\/usina1\/wp-content\/uploads\/2013\/01\/tardecitas-compartiendo.jpg 960w\" sizes=\"(max-width: 300px) 100vw, 300px\" \/><\/a><\/p>\n<p>jornada de las \u00abTardecitas de Tortugas\u00bb una apuesta muy interesante que cont\u00f3 durante todas sus ediciones con una importante cantidad de p\u00fablico\u00a0 y una\u00a0nutrida programaci\u00f3n, que abarcaba\u00a0diversas propuestas y g\u00e9neros.<\/p>\n<p>La programaci\u00f3n que llegaba a la \u00faltima \u00abTardecita&#8230;\u00bb nos ofrec\u00eda la calidad y jerarqu\u00eda vocal del armstronense <strong>Daniel Olmos<\/strong>,\u00a0las <strong>Voces de Tortugas<\/strong> dirigido por Juan Pablo Rossi realizaban su debut cosechando el asombro y aplauso de los presentes.<\/p>\n<p>A trav\u00e9s de la adhesi\u00f3n cultural que posee la comunidad de Tortugas con el <a href=\"http:\/\/www.enteculturalsantafesino.com.ar\">Ente de Cultura<\/a> durante los distintos domingos de enero fue recibiendo intercambios culturales de otras comunidades que integran este espacio, a trav\u00e9s de espect\u00e1culos de excelente nivel que llegaban representando a sus pueblos o ciudades, mediante m\u00faltiples expresiones culturales.<\/p>\n<p>El programa cultural<a href=\"http:\/\/enteculturalsantafesino.com.ar\/noticias\/tag\/compartiendo-cultura\/\"> \u00abCompartiendo Cultura\u00bb<\/a> fue el responsable de estar presente en la jornada de clausura, posibilitando el fortalecimiento de los lazos regionales y culturales.\u00a0El <strong><em>Grupo de Danzas Aut\u00f3ctonas y Tradicionales del Estado de Quer\u00e9taro, de M\u00e9xico y la\u00a0Agrupaci\u00f3n Cultural \u201cHugo Palmar\u201d de Venezuela<\/em><\/strong> brillaron una vez m\u00e1s en el suelo de nuestra regi\u00f3n, llevandos\u00e9 el aplauso de toda una plaza que palpitaba al ritmo de los pa\u00edses hermanos.<\/p>\n<p>Luego lleg\u00f3 el turno de la m\u00fasica tropical a trav\u00e9s de los reconocidos grupos santafesinos <strong>Sergio Torres y Los Lirios de Santa Fe.<\/strong><\/p>\n<p><strong>\u00abLas Tardecitas&#8230;\u00bb llegaron durante enero de 2013 para quedarse; demostrando que Tortugas es un pueblo que siembra Cultura!<\/strong><\/p>\n<p>&nbsp;<\/p>\n<p>&nbsp;<\/p>\n<p>&nbsp;<\/p>\n<p>&nbsp;<\/p>\n<p>&nbsp;<\/p>\n<p>&nbsp;<\/p>\n<p>&nbsp;<\/p>\n<p>&nbsp;<\/p>\n<p>&nbsp;<\/p>\n<p>&nbsp;<\/p>\n<p>&nbsp;<\/p>\n","protected":false},"excerpt":{"rendered":"<p>Durante el \u00faltimo domingo 27 en la Plaza San Mart\u00edn se vivi\u00f3 la \u00faltima jornada de las [&hellip;]<\/p>\n","protected":false},"author":3,"featured_media":0,"comment_status":"open","ping_status":"open","sticky":false,"template":"","format":"standard","meta":{"_jetpack_memberships_contains_paid_content":false,"footnotes":"","jetpack_publicize_message":"","jetpack_publicize_feature_enabled":true,"jetpack_social_post_already_shared":false,"jetpack_social_options":{"image_generator_settings":{"template":"highway","enabled":false}}},"categories":[29,31],"tags":[36,35],"jetpack_publicize_connections":[],"jetpack_sharing_enabled":true,"jetpack_featured_media_url":"","_links":{"self":[{"href":"http:\/\/enteculturalsantafesino.com.ar\/usina1\/wp-json\/wp\/v2\/posts\/8230"}],"collection":[{"href":"http:\/\/enteculturalsantafesino.com.ar\/usina1\/wp-json\/wp\/v2\/posts"}],"about":[{"href":"http:\/\/enteculturalsantafesino.com.ar\/usina1\/wp-json\/wp\/v2\/types\/post"}],"author":[{"embeddable":true,"href":"http:\/\/enteculturalsantafesino.com.ar\/usina1\/wp-json\/wp\/v2\/users\/3"}],"replies":[{"embeddable":true,"href":"http:\/\/enteculturalsantafesino.com.ar\/usina1\/wp-json\/wp\/v2\/comments?post=8230"}],"version-history":[{"count":0,"href":"http:\/\/enteculturalsantafesino.com.ar\/usina1\/wp-json\/wp\/v2\/posts\/8230\/revisions"}],"wp:attachment":[{"href":"http:\/\/enteculturalsantafesino.com.ar\/usina1\/wp-json\/wp\/v2\/media?parent=8230"}],"wp:term":[{"taxonomy":"category","embeddable":true,"href":"http:\/\/enteculturalsantafesino.com.ar\/usina1\/wp-json\/wp\/v2\/categories?post=8230"},{"taxonomy":"post_tag","embeddable":true,"href":"http:\/\/enteculturalsantafesino.com.ar\/usina1\/wp-json\/wp\/v2\/tags?post=8230"}],"curies":[{"name":"wp","href":"https:\/\/api.w.org\/{rel}","templated":true}]}}