{"id":8234,"date":"2013-01-28T22:47:56","date_gmt":"2013-01-28T22:47:56","guid":{"rendered":"http:\/\/entecultura.com.ar\/noticias\/?p=8234"},"modified":"2013-01-28T22:47:56","modified_gmt":"2013-01-28T22:47:56","slug":"oscar-herrera-primero-escritor-despues-comerciante","status":"publish","type":"post","link":"http:\/\/enteculturalsantafesino.com.ar\/usina1\/2013\/01\/oscar-herrera-primero-escritor-despues-comerciante\/","title":{"rendered":"OSCAR HERRERA: PRIMERO ESCRITOR. DESPU\u00c9S COMERCIANTE"},"content":{"rendered":"<div><em><strong>Por C\u00e9sar Negri-<a href=\"http:\/\/enteculturalsantafesino.com.ar\/noticias\/2013\/01\/oscar-herrera-primero-escritor-despues-comerciante\/silvia-mujica-012\/\"><img loading=\"lazy\" decoding=\"async\" class=\"alignright size-medium wp-image-8235\" alt=\"SILVIA MUJICA 012\" src=\"http:\/\/enteculturalsantafesino.com.ar\/noticias\/wp-content\/uploads\/2013\/01\/SILVIA-MUJICA-012-300x225.jpg\" width=\"300\" height=\"225\" srcset=\"http:\/\/enteculturalsantafesino.com.ar\/usina1\/wp-content\/uploads\/2013\/01\/SILVIA-MUJICA-012-300x225.jpg 300w, http:\/\/enteculturalsantafesino.com.ar\/usina1\/wp-content\/uploads\/2013\/01\/SILVIA-MUJICA-012-1024x768.jpg 1024w, http:\/\/enteculturalsantafesino.com.ar\/usina1\/wp-content\/uploads\/2013\/01\/SILVIA-MUJICA-012.jpg 1200w\" sizes=\"(max-width: 300px) 100vw, 300px\" \/><\/a><\/strong><\/em><\/div>\n<div>Hace unos d\u00edas, quitando el polvillo de un viejo escritorio me lo choqu\u00e9. Dos a\u00f1os que descansaba en ese lugar, entre \u201cThe omb\u00fa tree\u201d de Elise Dellemagne-Cookson \u2013que no recuerdo como lleg\u00f3 ah\u00ed porque nunca lo le\u00ed- y \u201cJuicio a los 70\u201d de Julio B\u00e1rbaro, \u201c<em>un regalo cl\u00e1sico<\/em>\u201d de un amigo \u201c<em>con un saludo cl\u00e1sico<\/em>\u201d, tal su dedicatoria. De Ediciones Editres, impreso en julio de 2010, lo compr\u00e9 unos meses despu\u00e9s; a decir verdad, sin la seguridad de abrirlo alguna vez, quiz\u00e1s solo para engrosar mi escueta biblioteca.<\/div>\n<div>Hab\u00eda participado de su lanzamiento en la Biblioteca Sarmiento, donde \u201cNucho\u201d Gonz\u00e1lez ameniz\u00f3 con su guitarra y varias compa\u00f1eras del taller literario que lo ten\u00eda como integrante al autor -distinguido en numerosas oportunidades-, leyeron poes\u00edas, cuentos y poemas. Con pr\u00f3logo de su hija Laura y corregido por Juan Carlos Escalante, la publicaci\u00f3n result\u00f3 ser su primer trabajo.<\/div>\n<div>Ya en casa, tarde, esperando solo que llegue el sue\u00f1o, abr\u00ed al azar la p\u00e1gina 59 encontr\u00e1ndome con \u201c<em>Un hombre de bien<\/em>\u201d donde en siete p\u00e1rrafos describ\u00eda a un <em>\u201cveterinario simp\u00e1tico, bohemio, petiso<\/em>\u201d, su amigo Antonio T\u00e1ccari. Seguramente el leer sobre un vecino invit\u00f3 a que siga saltando de hojas, de derecha a izquierda. <em>\u201cVisita a isla negra<\/em>\u201d y <em>\u201cUn poema para Nin\u00ed\u201d<\/em>, en homenaje a Pablo Neruda y a la multifac\u00e9tica Nin\u00ed Marshall le siguieron. Buscando el nombre del libro, que hab\u00eda olvidado por mi fr\u00e1gil memoria, volv\u00ed a la tapa: <em><strong>\u201cCreo\u201d<\/strong><\/em>. No entend\u00ed el motivo del t\u00edtulo pero al abrirlo nuevamente, me atrap\u00f3 la saga a su querida gente del Jard\u00edn de Infantes Nucleado, \u201c<em>El chancho Juli\u00e1n<\/em>\u201d y \u201c<em>Trencito de sue\u00f1os<\/em>\u201d.<\/div>\n<div>Poes\u00edas patrias y otras a sus nietos, micro ensayos y poemas le continuaron.\u00a0 Con \u201c<em>Mis anteojos<\/em>\u201d dije: \u201c<em>despu\u00e9s de los 40, como hay que hacer mucho esfuerzo para ver, uno elige en que detenerse y disfrutar\u00bb<\/em>. \u201c<em>El silencio<\/em>\u201d fue el \u00faltimo de ese viernes por la noche: \u201c<em>A veces puede calmar o anunciar una tormenta, otras herir asintiendo una sospecha. Como un juez del coraz\u00f3n logra salvar una verdad o condenar una traici\u00f3n. Hay silencios que aturden, como en el territorio fugaz de una injusticia\u201d.<br \/>\n<\/em><\/div>\n<div>Tres o cuatro d\u00edas despu\u00e9s retom\u00e9 la lectura para terminarlo. Cada hijo ten\u00eda su menci\u00f3n, tambi\u00e9n su esposa; seguramente por ser hincha de Boca le\u00ed dos veces <em>\u201cBombones azul y oro\u201d<\/em>, dedicado a su fan\u00e1tico Pablo. En \u201c<em>Sentencias<\/em>\u201d escribi\u00f3: <em>\u201cDuerme cuando tengas sue\u00f1os, no lo hagas si tienes muchos<\/em>\u201d y en \u201c<em>Pasando el 60<\/em>\u201d se detuvo en su amigo \u00c1ngel, como igual lo hizo con otras amistades.<\/div>\n<div>Para conocerlo un poco m\u00e1s alcanz\u00f3 <em>\u201cSoy\u201d<\/em>. All\u00ed se describe como un buen ciudadano, amante del tango, alguien que detesta la injusticia siendo padre de familia numerosa. <em>\u201cNo me gusta el exceso, ni la balanza\u00a0 que pesa los favores o la guachada<\/em>\u201d, reflexiona. En la p\u00e1gina siguiente, el poema que m\u00e1s me cautiv\u00f3: \u201c<em>Soy La Carreta, se\u00f1ores\u2026\u201d.<\/em><\/div>\n<div>Con versos impecables, cada l\u00ednea relata los primeros cincuenta a\u00f1os de esa instituci\u00f3n. Una persona que nunca entr\u00f3 a ese templo de cultura rosense, con solo leerlo puede imaginarlo a la perfecci\u00f3n.<em> \u201cLleva el nombre y el amor \/ de do\u00f1a Ascensi\u00f3n Carranza\u201d <\/em>cita al escenario mayor.<em> \u201cEn mis a\u00f1os se escribieron \/ rimas, versos y payadas \/ aqu\u00ed al Antenor Posadas \/ cantarle a la luna vieron\u201d y \u201cCuando ensillo a mi memoria \/ como un recuerdo muy fiel \/ galopa Don Juan Vadell \/ fortaleciendo esta historia\u201d<\/em> forman parte de otros trazos de notable inspiraci\u00f3n.<\/div>\n<div>\n<div>Esas 221 entregas de talento me demostraron que Oscar Herrera es primero un escritor rosense, y luego el comerciante due\u00f1o de las 14 vidrieras.<\/div>\n<div><\/div>\n<div><em><strong>Nuestro p\u00e9same a la familia y amigos de una de las\u00a0plumas m\u00e1s prestigiosas de la ciudad de Las Rosas y la Regi\u00f3n. Integrantes del Ente de Cultura<\/strong><\/em><\/div>\n<div><\/div>\n<div><\/div>\n<\/div>\n","protected":false},"excerpt":{"rendered":"<p>Por C\u00e9sar Negri- Hace unos d\u00edas, quitando el polvillo de un viejo escritorio me lo choqu\u00e9. Dos [&hellip;]<\/p>\n","protected":false},"author":3,"featured_media":0,"comment_status":"open","ping_status":"open","sticky":false,"template":"","format":"standard","meta":{"_jetpack_memberships_contains_paid_content":false,"footnotes":"","jetpack_publicize_message":"","jetpack_publicize_feature_enabled":true,"jetpack_social_post_already_shared":false,"jetpack_social_options":{"image_generator_settings":{"template":"highway","enabled":false}}},"categories":[1],"tags":[],"jetpack_publicize_connections":[],"jetpack_sharing_enabled":true,"jetpack_featured_media_url":"","_links":{"self":[{"href":"http:\/\/enteculturalsantafesino.com.ar\/usina1\/wp-json\/wp\/v2\/posts\/8234"}],"collection":[{"href":"http:\/\/enteculturalsantafesino.com.ar\/usina1\/wp-json\/wp\/v2\/posts"}],"about":[{"href":"http:\/\/enteculturalsantafesino.com.ar\/usina1\/wp-json\/wp\/v2\/types\/post"}],"author":[{"embeddable":true,"href":"http:\/\/enteculturalsantafesino.com.ar\/usina1\/wp-json\/wp\/v2\/users\/3"}],"replies":[{"embeddable":true,"href":"http:\/\/enteculturalsantafesino.com.ar\/usina1\/wp-json\/wp\/v2\/comments?post=8234"}],"version-history":[{"count":0,"href":"http:\/\/enteculturalsantafesino.com.ar\/usina1\/wp-json\/wp\/v2\/posts\/8234\/revisions"}],"wp:attachment":[{"href":"http:\/\/enteculturalsantafesino.com.ar\/usina1\/wp-json\/wp\/v2\/media?parent=8234"}],"wp:term":[{"taxonomy":"category","embeddable":true,"href":"http:\/\/enteculturalsantafesino.com.ar\/usina1\/wp-json\/wp\/v2\/categories?post=8234"},{"taxonomy":"post_tag","embeddable":true,"href":"http:\/\/enteculturalsantafesino.com.ar\/usina1\/wp-json\/wp\/v2\/tags?post=8234"}],"curies":[{"name":"wp","href":"https:\/\/api.w.org\/{rel}","templated":true}]}}