{"id":8239,"date":"2013-01-29T12:54:47","date_gmt":"2013-01-29T12:54:47","guid":{"rendered":"http:\/\/entecultura.com.ar\/noticias\/?p=8239"},"modified":"2013-01-29T12:54:48","modified_gmt":"2013-01-29T12:54:48","slug":"abel-pintos-en-las-3-lunas-de-canada-de-gomez","status":"publish","type":"post","link":"http:\/\/enteculturalsantafesino.com.ar\/usina1\/2013\/01\/abel-pintos-en-las-3-lunas-de-canada-de-gomez\/","title":{"rendered":"ABEL PINTOS EN LAS 3 LUNAS DE CA\u00d1ADA DE G\u00d3MEZ."},"content":{"rendered":"<p>Ya est\u00e1 confirmada la actuaci\u00f3n de Abel Pintos en la edici\u00f3n de este a\u00f1o de<a href=\"http:\/\/enteculturalsantafesino.com.ar\/noticias\/2013\/01\/abel-pintos-en-las-3-lunas-de-canada-de-gomez\/abel-pintos-3-lunas\/\"><img loading=\"lazy\" decoding=\"async\" class=\"alignright size-medium wp-image-8240\" alt=\"abel pintos 3 lunas\" src=\"http:\/\/enteculturalsantafesino.com.ar\/noticias\/wp-content\/uploads\/2013\/01\/abel-pintos-3-lunas-300x225.jpg\" width=\"300\" height=\"225\" srcset=\"http:\/\/enteculturalsantafesino.com.ar\/usina1\/wp-content\/uploads\/2013\/01\/abel-pintos-3-lunas-300x225.jpg 300w, http:\/\/enteculturalsantafesino.com.ar\/usina1\/wp-content\/uploads\/2013\/01\/abel-pintos-3-lunas.jpg 960w\" sizes=\"(max-width: 300px) 100vw, 300px\" \/><\/a><\/p>\n<p>\u00abLas Tres Lunas\u00bb de Ca\u00f1ada de G\u00f3mez para el Domingo 10 de Marzo. Recordamos que Abel Pintos viene de ser uno de los artistas m\u00e1s convocantes en Jes\u00fas Mar\u00eda; est\u00e1 en un excelente momento art\u00edstico y se ha convertido en uno de los nuevos \u00eddolos del folclore, considerado dentro de la camada de nuevas promesas del folclore nacional junto a otros artistas como Soledad Pastorutti y Luciano Pereyra. <strong><em>Las entradas se ponen a la venta a partir del 4 de Febrero en la Municipalidad de nuestra Ciudad, desde las 7.30hs.<\/em><\/strong><\/p>\n<p><em><span style=\"text-decoration: underline;\">BIOGRAF\u00cdA DE ABEL PINTOS. <\/span><\/em><\/p>\n<p>Abel Pintos naci\u00f3 en la provincia de Buenos Aires,en la localidad de Bahia Blanca pero se cri\u00f3 en Ingeniero White, ten\u00eda apenas 13 a\u00f1os cuando se convirti\u00f3 en una de las voces m\u00e1s prometedoras del folclore argentino. Comenz\u00f3 con la m\u00fasica a los 7 a\u00f1os cuando debi\u00f3 cantar en un homenaje a Jos\u00e9 de San Mart\u00edn que se realiz\u00f3 en un acto escolar de su colegio. Entre el p\u00fablico se encontraba el delegado de la municipalidad, que luego de maravillarse con su voz, lo invit\u00f3 para cantar en la conmemoraci\u00f3n del aniversario de la fundaci\u00f3n de Ingeniero White. En esa fiesta comunal realiz\u00f3 tres temas: uno de V\u00edctor Heredia, otro de Le\u00f3n Gieco, y el tercero de Horacio Guaran\u00ed. Luego de esta actuaci\u00f3n comenzaron las invitaciones, y as\u00ed, sin quererlo, empez\u00f3 su carrera art\u00edstica. Sus avances profesionales se dieron a trav\u00e9s de una larga cadena de coincidencias: Ra\u00fal Lavi\u00e9, viaj\u00f3 a Bah\u00eda Blanca a un programa llamado \u00abTango en la Bah\u00eda\u00bb, y ah\u00ed lo escuch\u00f3 cantar. Ese d\u00eda, Abel ten\u00eda un casete con algunos temas grabados e inmediatamente se lo dio al cantante de tangos quien por su parte se lo pas\u00f3 a Pity I\u00f1urrigarro, su actual representante que se lo acerc\u00f3 a Le\u00f3n Gieco. Lo dem\u00e1s, es historia sabida, grab\u00f3 el disco debut y la gente lo aplaudi\u00f3. Firm\u00f3 contrato con Sony Music y en 1997 edit\u00f3 su primer trabajo, producido por Gieco quien adem\u00e1s de productor, Gieco es una especie de modelo art\u00edstico para este talento adolescente quien ve en Le\u00f3n una feliz combinaci\u00f3n entre el rock nacional y el folclore. Para cantar he nacido se llam\u00f3 la placa, cuyo t\u00edtulo no podr\u00eda haber sido mejor, para explicar su \u00e9xito actual.<\/p>\n","protected":false},"excerpt":{"rendered":"<p>Ya est\u00e1 confirmada la actuaci\u00f3n de Abel Pintos en la edici\u00f3n de este a\u00f1o de \u00abLas Tres [&hellip;]<\/p>\n","protected":false},"author":3,"featured_media":0,"comment_status":"open","ping_status":"open","sticky":false,"template":"","format":"standard","meta":{"_jetpack_memberships_contains_paid_content":false,"footnotes":"","jetpack_publicize_message":"","jetpack_publicize_feature_enabled":true,"jetpack_social_post_already_shared":false,"jetpack_social_options":{"image_generator_settings":{"template":"highway","enabled":false}}},"categories":[11],"tags":[],"jetpack_publicize_connections":[],"jetpack_sharing_enabled":true,"jetpack_featured_media_url":"","_links":{"self":[{"href":"http:\/\/enteculturalsantafesino.com.ar\/usina1\/wp-json\/wp\/v2\/posts\/8239"}],"collection":[{"href":"http:\/\/enteculturalsantafesino.com.ar\/usina1\/wp-json\/wp\/v2\/posts"}],"about":[{"href":"http:\/\/enteculturalsantafesino.com.ar\/usina1\/wp-json\/wp\/v2\/types\/post"}],"author":[{"embeddable":true,"href":"http:\/\/enteculturalsantafesino.com.ar\/usina1\/wp-json\/wp\/v2\/users\/3"}],"replies":[{"embeddable":true,"href":"http:\/\/enteculturalsantafesino.com.ar\/usina1\/wp-json\/wp\/v2\/comments?post=8239"}],"version-history":[{"count":0,"href":"http:\/\/enteculturalsantafesino.com.ar\/usina1\/wp-json\/wp\/v2\/posts\/8239\/revisions"}],"wp:attachment":[{"href":"http:\/\/enteculturalsantafesino.com.ar\/usina1\/wp-json\/wp\/v2\/media?parent=8239"}],"wp:term":[{"taxonomy":"category","embeddable":true,"href":"http:\/\/enteculturalsantafesino.com.ar\/usina1\/wp-json\/wp\/v2\/categories?post=8239"},{"taxonomy":"post_tag","embeddable":true,"href":"http:\/\/enteculturalsantafesino.com.ar\/usina1\/wp-json\/wp\/v2\/tags?post=8239"}],"curies":[{"name":"wp","href":"https:\/\/api.w.org\/{rel}","templated":true}]}}