{"id":8247,"date":"2013-01-29T14:45:10","date_gmt":"2013-01-29T14:45:10","guid":{"rendered":"http:\/\/entecultura.com.ar\/noticias\/?p=8247"},"modified":"2013-01-29T14:45:13","modified_gmt":"2013-01-29T14:45:13","slug":"llegaron-las-delegaciones-de-mexico-y-venezuela-a-la-banda-sgo-del-estero","status":"publish","type":"post","link":"http:\/\/enteculturalsantafesino.com.ar\/usina1\/2013\/01\/llegaron-las-delegaciones-de-mexico-y-venezuela-a-la-banda-sgo-del-estero\/","title":{"rendered":"LLEGARON LAS DELEGACIONES DE M\u00c9XICO Y VENEZUELA A LA BANDA- SGO. DEL ESTERO"},"content":{"rendered":"<p>Tal como estaba previsto en la ma\u00f1ana de este lunes, arribaron a La Banda<a href=\"http:\/\/enteculturalsantafesino.com.ar\/noticias\/2013\/01\/llegaron-las-delegaciones-de-mexico-y-venezuela-a-la-banda-sgo-del-estero\/salamanca\/\"><img loading=\"lazy\" decoding=\"async\" class=\"alignright size-medium wp-image-8248\" alt=\"salamanca\" src=\"http:\/\/enteculturalsantafesino.com.ar\/noticias\/wp-content\/uploads\/2013\/01\/salamanca-300x131.jpg\" width=\"300\" height=\"131\" srcset=\"http:\/\/enteculturalsantafesino.com.ar\/usina1\/wp-content\/uploads\/2013\/01\/salamanca-300x131.jpg 300w, http:\/\/enteculturalsantafesino.com.ar\/usina1\/wp-content\/uploads\/2013\/01\/salamanca.jpg 341w\" sizes=\"(max-width: 300px) 100vw, 300px\" \/><\/a><\/p>\n<p>las delegaciones de M\u00e9xico y Venezuela que participar\u00e1n por primera vez en el Festival Nacional de La Salamanca 2013. En la oportunidad fueron recibidos por m\u00fasicos e integrantes del Ballet Folcl\u00f3rico Ciudad de La Banda.<\/p>\n<p>Los artistas llegaron a la Plaza Belgrano escoltados por un grupo de Bomberos Voluntarios de esta ciudad, quienes al son de sus sirenas anticipaban el arribo de esta delegaci\u00f3n internacional que engalanar\u00e1n el escenario Jacinto Piedra.<\/p>\n<p>Al son de una chacarera interpretada por Valeria D\u00edaz, los bailarines descendieron del colectivo y recibieron el cari\u00f1o de los chicos del Ballet Ciudad de La Banda quienes agitaron banderas argentinas.<\/p>\n<p>Inmediatamente el grupo La Repercuta brind\u00f3 un mini recital y deleitaron con su arte a todos los visitantes.<\/p>\n<p><strong>Sue\u00f1o cumplido<\/strong><\/p>\n<p>Tras la bienvenida, la directora del Ballet Hermanos Palmar, profesora Mar\u00eda Palmar coment\u00f3, \u201ctenemos una profunda emoci\u00f3n y mucha felicidad. Ya hab\u00edamos venido en otra oportunidad a La Banda y realmente so\u00f1\u00e1bamos con regresar\u201d.<\/p>\n<p>Por otra parte puntualiz\u00f3, \u201cnosotros traemos un espect\u00e1culo denominado Los Hermanos Palmar y su Venezuela tradicional. La intenci\u00f3n es mostrar todas sus manifestaciones de nuestro pa\u00eds de la manera m\u00e1s folcl\u00f3rica. Traemos varias propuestas de los estados tanto en m\u00fasica como en danza. Adem\u00e1s, traemos comidas para compartir con todos ustedes\u201d.<\/p>\n<p>Finalmente indic\u00f3, \u201cestar en La Salamanca es un sue\u00f1o. Cuando venimos conocimos el festival y ahora nos abren las puertas y estamos muy contentos de mostrar nuestro arte en un evento tan significativo\u201d.<\/p>\n<p><strong>M\u00e9xico presente<\/strong><\/p>\n<p>Por su parte la profesora Dolores Zu\u00f1iga S\u00e1nchez, directora del Ballet de Quer\u00e9taro (M\u00e9xico) expuso, \u201cesperamos colmar las expectativas de nuestros anfitriones. Vamos a mostrar parte de nuestro folclore que es muy rico; pero s\u00f3lo vamos a mostrar una parte de diferentes partes de M\u00e9xico\u201d.<\/p>\n<p>Agreg\u00f3, \u201ccon la profesora Baumann nos conocimos en Venezuela y all\u00ed surgi\u00f3 la amistad. El a\u00f1o pasado estuvieron en Quer\u00e9taro en nuestro aniversario y ahora estamos aqu\u00ed reencontrandonos\u201d.<\/p>\n<p>A la vez puntualiz\u00f3, \u201cesta clase de lazos son los que unen los pa\u00edses sin cuestiones pol\u00edticas\u201d.<\/p>\n<p><em><strong>Por \u00faltimo manifest\u00f3, \u201chemos tenido la posibilidad de actuar en Santa Fe\u201d.<\/strong><\/em><\/p>\n<p><strong>Palabra de Rosina Baumann<\/strong><\/p>\n<p>En tanto la profesora Rosina Baumann, directora del Ballet Ciudad de La Banda expres\u00f3, \u201cestamos felices de recibir a nuestros hermanos venezolanos y mexicanos. Estamos muy ansiosos de empezar a desarrollar todas las actividades que tenemos previsto para las cinco noches de La Salamanca; adem\u00e1s de otras actividades que surgen de la comunidad\u201d.<\/p>\n<p>Tambi\u00e9n explic\u00f3, \u201ca trav\u00e9s de las cinco noches iremos desandando diferentes mixturas. El Ballet Ciudad de La Banda bailar\u00e1 en tres ocasiones con la m\u00fasica de los Hermanos Palmar, todo un sue\u00f1o para nosotros porque se pondr\u00e1 en la pr\u00e1ctica toda la hermandad desde la parte art\u00edstica. De igual forma nuestros hermanos mexicanos estar\u00e1n bailando chacareras\u201d.<\/p>\n","protected":false},"excerpt":{"rendered":"<p>Tal como estaba previsto en la ma\u00f1ana de este lunes, arribaron a La Banda las delegaciones de [&hellip;]<\/p>\n","protected":false},"author":3,"featured_media":0,"comment_status":"open","ping_status":"open","sticky":false,"template":"","format":"standard","meta":{"_jetpack_memberships_contains_paid_content":false,"footnotes":"","jetpack_publicize_message":"","jetpack_publicize_feature_enabled":true,"jetpack_social_post_already_shared":false,"jetpack_social_options":{"image_generator_settings":{"template":"highway","enabled":false}}},"categories":[4,1,29,6],"tags":[],"jetpack_publicize_connections":[],"jetpack_sharing_enabled":true,"jetpack_featured_media_url":"","_links":{"self":[{"href":"http:\/\/enteculturalsantafesino.com.ar\/usina1\/wp-json\/wp\/v2\/posts\/8247"}],"collection":[{"href":"http:\/\/enteculturalsantafesino.com.ar\/usina1\/wp-json\/wp\/v2\/posts"}],"about":[{"href":"http:\/\/enteculturalsantafesino.com.ar\/usina1\/wp-json\/wp\/v2\/types\/post"}],"author":[{"embeddable":true,"href":"http:\/\/enteculturalsantafesino.com.ar\/usina1\/wp-json\/wp\/v2\/users\/3"}],"replies":[{"embeddable":true,"href":"http:\/\/enteculturalsantafesino.com.ar\/usina1\/wp-json\/wp\/v2\/comments?post=8247"}],"version-history":[{"count":0,"href":"http:\/\/enteculturalsantafesino.com.ar\/usina1\/wp-json\/wp\/v2\/posts\/8247\/revisions"}],"wp:attachment":[{"href":"http:\/\/enteculturalsantafesino.com.ar\/usina1\/wp-json\/wp\/v2\/media?parent=8247"}],"wp:term":[{"taxonomy":"category","embeddable":true,"href":"http:\/\/enteculturalsantafesino.com.ar\/usina1\/wp-json\/wp\/v2\/categories?post=8247"},{"taxonomy":"post_tag","embeddable":true,"href":"http:\/\/enteculturalsantafesino.com.ar\/usina1\/wp-json\/wp\/v2\/tags?post=8247"}],"curies":[{"name":"wp","href":"https:\/\/api.w.org\/{rel}","templated":true}]}}