{"id":8525,"date":"2013-02-15T15:51:43","date_gmt":"2013-02-15T15:51:43","guid":{"rendered":"http:\/\/entecultura.com.ar\/noticias\/?p=8525"},"modified":"2013-02-15T15:51:43","modified_gmt":"2013-02-15T15:51:43","slug":"canada-de-gomez-viktor-machado-prepara-su-primer-material","status":"publish","type":"post","link":"http:\/\/enteculturalsantafesino.com.ar\/usina1\/2013\/02\/canada-de-gomez-viktor-machado-prepara-su-primer-material\/","title":{"rendered":"CA\u00d1ADA DE G\u00d3MEZ: VIKTOR MACHADO PREPARA SU PRIMER MATERIAL"},"content":{"rendered":"<p>El m\u00fasico ca\u00f1adense\u00a0<b>Vikt\u00f6r Machad\u00f6<\/b>\u00a0prepara el lanzamiento de su primer material <a href=\"http:\/\/enteculturalsantafesino.com.ar\/noticias\/wp-content\/uploads\/2013\/02\/machado.jpg\" rel=\"lightbox[8525]\"><img loading=\"lazy\" decoding=\"async\" class=\"alignright size-medium wp-image-8526\" alt=\"machado\" src=\"http:\/\/enteculturalsantafesino.com.ar\/noticias\/wp-content\/uploads\/2013\/02\/machado-203x300.jpg\" width=\"203\" height=\"300\" srcset=\"http:\/\/enteculturalsantafesino.com.ar\/usina1\/wp-content\/uploads\/2013\/02\/machado-203x300.jpg 203w, http:\/\/enteculturalsantafesino.com.ar\/usina1\/wp-content\/uploads\/2013\/02\/machado.jpg 651w\" sizes=\"(max-width: 203px) 100vw, 203px\" \/><\/a><\/p>\n<p>discogr\u00e1fico titulado <em>EL EXTREMO DE\u00a0LA SOLEDAD.<\/em><\/p>\n<p>Con la autor\u00eda de todos los temas que integrar\u00e1n su primera producci\u00f3n discogr\u00e1fica\u00a0<b>Vikt\u00f6r Machad\u00f6<\/b>\u00a0trabaja en los estudios MUSICAT RECORDS bajo la direcci\u00f3n de Juan Manuel Berraute. Los arreglos y producci\u00f3n general est\u00e1n a cargo del autor.<\/p>\n<p>El disco contar\u00e1 con la participaci\u00f3n de m\u00fasicos invitados como Dani Velez en bajo, Esteban Ventroni en guitarra, y Luchi Giorgis en guitarras adicionales, entre otros amigos.<\/p>\n<p>EL EXTREMO DE\u00a0LA SOLEDAD\u00a0contendr\u00e1 12 canciones donde\u00a0<b>Vikt\u00f6r Machad\u00f6<\/b>\u00a0\u00a0juega con canciones compuestas en diferentes momentos de su vida que reflejan historias y situaciones de la vida cotidiana.<\/p>\n<p><iframe class='youtube-player youtuber' type='text\/html' width='425' height='355' src='http:\/\/www.youtube.com\/embed\/HloCP_CjlaE?rel=0&amp;fs=1' webkitAllowFullScreen mozallowfullscreen allowFullScreen frameborder='0'><\/iframe><br \/>\n<em>Fuente: Rutas Argentinas<\/em><\/p>\n<p><em>Fotograf\u00eda: Dami\u00e1n Garnero<\/em><\/p>\n","protected":false},"excerpt":{"rendered":"<p>El m\u00fasico ca\u00f1adense\u00a0Vikt\u00f6r Machad\u00f6\u00a0prepara el lanzamiento de su primer material discogr\u00e1fico titulado EL EXTREMO DE\u00a0LA SOLEDAD. Con [&hellip;]<\/p>\n","protected":false},"author":3,"featured_media":0,"comment_status":"closed","ping_status":"closed","sticky":false,"template":"","format":"standard","meta":{"_jetpack_memberships_contains_paid_content":false,"footnotes":"","jetpack_publicize_message":"","jetpack_publicize_feature_enabled":true,"jetpack_social_post_already_shared":false,"jetpack_social_options":{"image_generator_settings":{"template":"highway","enabled":false}}},"categories":[11],"tags":[],"jetpack_publicize_connections":[],"jetpack_sharing_enabled":true,"jetpack_featured_media_url":"","_links":{"self":[{"href":"http:\/\/enteculturalsantafesino.com.ar\/usina1\/wp-json\/wp\/v2\/posts\/8525"}],"collection":[{"href":"http:\/\/enteculturalsantafesino.com.ar\/usina1\/wp-json\/wp\/v2\/posts"}],"about":[{"href":"http:\/\/enteculturalsantafesino.com.ar\/usina1\/wp-json\/wp\/v2\/types\/post"}],"author":[{"embeddable":true,"href":"http:\/\/enteculturalsantafesino.com.ar\/usina1\/wp-json\/wp\/v2\/users\/3"}],"replies":[{"embeddable":true,"href":"http:\/\/enteculturalsantafesino.com.ar\/usina1\/wp-json\/wp\/v2\/comments?post=8525"}],"version-history":[{"count":0,"href":"http:\/\/enteculturalsantafesino.com.ar\/usina1\/wp-json\/wp\/v2\/posts\/8525\/revisions"}],"wp:attachment":[{"href":"http:\/\/enteculturalsantafesino.com.ar\/usina1\/wp-json\/wp\/v2\/media?parent=8525"}],"wp:term":[{"taxonomy":"category","embeddable":true,"href":"http:\/\/enteculturalsantafesino.com.ar\/usina1\/wp-json\/wp\/v2\/categories?post=8525"},{"taxonomy":"post_tag","embeddable":true,"href":"http:\/\/enteculturalsantafesino.com.ar\/usina1\/wp-json\/wp\/v2\/tags?post=8525"}],"curies":[{"name":"wp","href":"https:\/\/api.w.org\/{rel}","templated":true}]}}