{"id":871,"date":"2011-09-18T22:50:21","date_gmt":"2011-09-18T22:50:21","guid":{"rendered":"http:\/\/entecultura.com.ar\/noticias\/?p=871"},"modified":"2011-09-18T22:50:21","modified_gmt":"2011-09-18T22:50:21","slug":"pintura-y-teatro-en-la-plaza","status":"publish","type":"post","link":"http:\/\/enteculturalsantafesino.com.ar\/usina1\/2011\/09\/pintura-y-teatro-en-la-plaza\/","title":{"rendered":"PINTURA Y TEATRO EN LA PLAZA"},"content":{"rendered":"<p><a href=\"http:\/\/enteculturalsantafesino.com.ar\/noticias\/wp-content\/uploads\/2011\/09\/PINTURA-Y-TEATRO.png\" rel=\"lightbox[871]\"><img loading=\"lazy\" decoding=\"async\" class=\"alignright size-thumbnail wp-image-873\" title=\"PINTURA Y TEATRO\" src=\"http:\/\/enteculturalsantafesino.com.ar\/noticias\/wp-content\/uploads\/2011\/09\/PINTURA-Y-TEATRO-150x150.png\" alt=\"\" width=\"150\" height=\"150\" \/><\/a>La tarde del domingo se visti\u00f3 de color en Plaza San Mart\u00edn con la realizaci\u00f3n de Domingos en Familia a cargo del proyecto cultural \u00abV\u00eda M\u00e1gica\u00bb que dirigen Gabriela Fern\u00e1ndez y M\u00f3nica Zadra.<\/p>\n<p>La propuesta para grandes y chicos estuvo centrada en el teatro y en la elaboraci\u00f3n de un mural colectivo que, en esta ocacion, fue una reproducci\u00f3n de una obra del artista pl\u00e1stico Antonio Berni.<\/p>\n<p>Una propuesta diferente para padres y chicos en la plaza de la ciudad.<\/p>\n","protected":false},"excerpt":{"rendered":"<p>La tarde del domingo se visti\u00f3 de color en Plaza San Mart\u00edn con la realizaci\u00f3n de Domingos [&hellip;]<\/p>\n","protected":false},"author":3,"featured_media":0,"comment_status":"open","ping_status":"open","sticky":false,"template":"","format":"standard","meta":{"_jetpack_memberships_contains_paid_content":false,"footnotes":"","jetpack_publicize_message":"","jetpack_publicize_feature_enabled":true,"jetpack_social_post_already_shared":false,"jetpack_social_options":{"image_generator_settings":{"template":"highway","enabled":false}}},"categories":[15,11,4],"tags":[],"jetpack_publicize_connections":[],"jetpack_sharing_enabled":true,"jetpack_featured_media_url":"","_links":{"self":[{"href":"http:\/\/enteculturalsantafesino.com.ar\/usina1\/wp-json\/wp\/v2\/posts\/871"}],"collection":[{"href":"http:\/\/enteculturalsantafesino.com.ar\/usina1\/wp-json\/wp\/v2\/posts"}],"about":[{"href":"http:\/\/enteculturalsantafesino.com.ar\/usina1\/wp-json\/wp\/v2\/types\/post"}],"author":[{"embeddable":true,"href":"http:\/\/enteculturalsantafesino.com.ar\/usina1\/wp-json\/wp\/v2\/users\/3"}],"replies":[{"embeddable":true,"href":"http:\/\/enteculturalsantafesino.com.ar\/usina1\/wp-json\/wp\/v2\/comments?post=871"}],"version-history":[{"count":0,"href":"http:\/\/enteculturalsantafesino.com.ar\/usina1\/wp-json\/wp\/v2\/posts\/871\/revisions"}],"wp:attachment":[{"href":"http:\/\/enteculturalsantafesino.com.ar\/usina1\/wp-json\/wp\/v2\/media?parent=871"}],"wp:term":[{"taxonomy":"category","embeddable":true,"href":"http:\/\/enteculturalsantafesino.com.ar\/usina1\/wp-json\/wp\/v2\/categories?post=871"},{"taxonomy":"post_tag","embeddable":true,"href":"http:\/\/enteculturalsantafesino.com.ar\/usina1\/wp-json\/wp\/v2\/tags?post=871"}],"curies":[{"name":"wp","href":"https:\/\/api.w.org\/{rel}","templated":true}]}}