{"id":919,"date":"2011-09-24T19:43:11","date_gmt":"2011-09-24T19:43:11","guid":{"rendered":"http:\/\/entecultura.com.ar\/noticias\/?p=919"},"modified":"2011-09-24T19:43:11","modified_gmt":"2011-09-24T19:43:11","slug":"llega-la-fiesta-de-la-ordenadora","status":"publish","type":"post","link":"http:\/\/enteculturalsantafesino.com.ar\/usina1\/2011\/09\/llega-la-fiesta-de-la-ordenadora\/","title":{"rendered":"LLEGA LA FIESTA DE LA ORDE\u00d1ADORA"},"content":{"rendered":"<div>La Fiesta de la Orde\u00f1adora promete una importante <a href=\"http:\/\/enteculturalsantafesino.com.ar\/noticias\/wp-content\/uploads\/2011\/09\/orde\u00f1adora.jpg\" rel=\"lightbox[919]\"><img loading=\"lazy\" decoding=\"async\" class=\"alignright size-thumbnail wp-image-920\" title=\"orde\u00f1adora\" src=\"http:\/\/enteculturalsantafesino.com.ar\/noticias\/wp-content\/uploads\/2011\/09\/orde\u00f1adora-150x150.jpg\" alt=\"\" width=\"150\" height=\"150\" \/><\/a><br \/>\nconvocatoria de p\u00fablico y notables presencias.<br \/>\nEl evento se llevar\u00e1 a<br \/>\ncabo en Club Trebolense desde el 5 al 9 de octubre.<\/p>\n<p>Adem\u00e1s de los espect\u00e1culos de Patricia Sosa y Los Nocheros, estar\u00e1 Bel\u00e9n Francese, Sergio<br \/>\nVigil y Martiniano Molina.<\/p>\n<p>En materia de lecher\u00eda, estar\u00e1 el Presidente<br \/>\nde la FEPALE, Federaci\u00f3n Panamericana de la Leche, Vicente Nogueira Netto, de<br \/>\nBrasil y el Sub Secretario Nacional de Lecher\u00eda Arturo Videla.<\/p>\n<p>En materia<br \/>\nde Carnes, se contar\u00e1 con la presencia de V\u00edctor Tonelli, reconocido consultor<br \/>\ndel sector.<\/p>\n<p><strong>Venta de abonos<\/strong><\/p>\n<p>\u201cSuperamos los 1200<br \/>\nabonos y a\u00fan nos resta lo que tienen que rendir diferentes subcomisiones y la<br \/>\nregi\u00f3n. Estoy convencido que vamos a llegar a los 2000 abonos a fin de mes\u201d,<br \/>\nse\u00f1al\u00f3 sobre este tema el Coordinador de la Fiesta Nacional de la Orde\u00f1adora<br \/>\nAdri\u00e1n Allegranza.<\/p>\n<p><strong>Charlas<\/strong><\/p>\n<p>El mi\u00e9rcoles, el ex<br \/>\nentrenador del Seleccionado Femenino de Hockey, Las Leonas, Sergio Cachito<br \/>\nVigil, brindar\u00e1 una charla sobre \u201cLa motivaci\u00f3n en el trabajo y la vida\u201d.<\/p>\n<p>El s\u00e1bado desde las 10 de la ma\u00f1ana, el notable cheff Martiniano Molina<br \/>\nllevar\u00e1 adelante \u201cMartiniano y su cocina\u201d en vivo en la muestra.<\/p>\n<p><strong>Desfile y elecci\u00f3n<\/strong><\/p>\n<p>El s\u00e1bado a las 19 hs. se<br \/>\nllevar\u00e1 a cabo el desfile de las Reinas Consagradas y las candidatas, junto a la<br \/>\nprestigiosa modelo Bel\u00e9n Francese. Ser\u00e1 en el natatorio de Trebolense.<\/p>\n<p><strong>Los espect\u00e1culos<\/strong><\/p>\n<p>Los espect\u00e1culos se llevar\u00e1n a<br \/>\ncabo en el estadio de f\u00fatbol del Club Trebolense. El escenario ser\u00e1 techado y<br \/>\nestar\u00e1 montado mirando hacia el norte.<\/p>\n<p>En la noche del s\u00e1bado se<br \/>\npresentar\u00e1n Los Nocheros, Antes del show se llevar\u00e1 a cabo la elecci\u00f3n de la<br \/>\nReina Nacional de la Orde\u00f1adora, se presentar\u00e1 el Ballet El Tr\u00e9bol y Kumel\u00e9n con<br \/>\nun cuadro de tango.<\/p>\n<p>El domingo llegar\u00e1 la actuaci\u00f3n de Patricia Sosa,<br \/>\nNuestro Canto, Derecho de Piso y el sorteo de los dos veh\u00edculos 0 km. y los ocho<br \/>\nlcd.<\/p>\n<p><strong>El beneficio de los abonos<\/strong><\/p>\n<p>El sistema de<br \/>\nlos abonos, tiene un importante beneficio. El costo es de $ 300 y estar\u00e1 a la<br \/>\nventa hasta el mi\u00e9rcoles 5 de octubre. El abono contempla dos pl\u00e1sticos (Para<br \/>\ndos personas) con entrada libre para la muestra y la totalidad de los<br \/>\nespect\u00e1culos. Adem\u00e1s jugar\u00e1 por dos veh\u00edculos 0 km. y ocho LCD.<\/p>\n<p>Sin<br \/>\nabono, una persona sola para gozar de los espect\u00e1culos deber\u00eda abonar $ 248 y no<br \/>\nparticipar\u00e1 de los sorteos de los autos y los LCD.<\/p><\/div>\n<div><\/div>\n<p><!--Si cargamos una noticia, aca parseamos sus galerias de imagenes--><!--Si cargamos una noticia, aca parseamos sus galerias de imagenes--><!--Si cargamos una noticia, aca parseamos sus links relacionados--><\/p>\n","protected":false},"excerpt":{"rendered":"<p>La Fiesta de la Orde\u00f1adora promete una importante convocatoria de p\u00fablico y notables presencias. El evento se [&hellip;]<\/p>\n","protected":false},"author":3,"featured_media":0,"comment_status":"open","ping_status":"open","sticky":false,"template":"","format":"standard","meta":{"_jetpack_memberships_contains_paid_content":false,"footnotes":"","jetpack_publicize_message":"","jetpack_publicize_feature_enabled":true,"jetpack_social_post_already_shared":false,"jetpack_social_options":{"image_generator_settings":{"template":"highway","enabled":false}}},"categories":[15,18,4,6],"tags":[],"jetpack_publicize_connections":[],"jetpack_sharing_enabled":true,"jetpack_featured_media_url":"","_links":{"self":[{"href":"http:\/\/enteculturalsantafesino.com.ar\/usina1\/wp-json\/wp\/v2\/posts\/919"}],"collection":[{"href":"http:\/\/enteculturalsantafesino.com.ar\/usina1\/wp-json\/wp\/v2\/posts"}],"about":[{"href":"http:\/\/enteculturalsantafesino.com.ar\/usina1\/wp-json\/wp\/v2\/types\/post"}],"author":[{"embeddable":true,"href":"http:\/\/enteculturalsantafesino.com.ar\/usina1\/wp-json\/wp\/v2\/users\/3"}],"replies":[{"embeddable":true,"href":"http:\/\/enteculturalsantafesino.com.ar\/usina1\/wp-json\/wp\/v2\/comments?post=919"}],"version-history":[{"count":0,"href":"http:\/\/enteculturalsantafesino.com.ar\/usina1\/wp-json\/wp\/v2\/posts\/919\/revisions"}],"wp:attachment":[{"href":"http:\/\/enteculturalsantafesino.com.ar\/usina1\/wp-json\/wp\/v2\/media?parent=919"}],"wp:term":[{"taxonomy":"category","embeddable":true,"href":"http:\/\/enteculturalsantafesino.com.ar\/usina1\/wp-json\/wp\/v2\/categories?post=919"},{"taxonomy":"post_tag","embeddable":true,"href":"http:\/\/enteculturalsantafesino.com.ar\/usina1\/wp-json\/wp\/v2\/tags?post=919"}],"curies":[{"name":"wp","href":"https:\/\/api.w.org\/{rel}","templated":true}]}}