{"id":937,"date":"2011-09-27T11:38:47","date_gmt":"2011-09-27T11:38:47","guid":{"rendered":"http:\/\/entecultura.com.ar\/noticias\/?p=937"},"modified":"2011-09-27T11:38:47","modified_gmt":"2011-09-27T11:38:47","slug":"carlos-porcel-de-peralta-llega-a-canada-de-gomez","status":"publish","type":"post","link":"http:\/\/enteculturalsantafesino.com.ar\/usina1\/2011\/09\/carlos-porcel-de-peralta-llega-a-canada-de-gomez\/","title":{"rendered":"CARLOS PORCEL DE PERALTA LLEGA A CA\u00d1ADA DE G\u00d3MEZ"},"content":{"rendered":"<p><a href=\"http:\/\/enteculturalsantafesino.com.ar\/noticias\/wp-content\/uploads\/2011\/09\/CARLOS-PORCEL.png\" rel=\"lightbox[937]\"><img loading=\"lazy\" decoding=\"async\" class=\"alignright size-thumbnail wp-image-938\" title=\"CARLOS PORCEL\" src=\"http:\/\/enteculturalsantafesino.com.ar\/noticias\/wp-content\/uploads\/2011\/09\/CARLOS-PORCEL-150x85.png\" alt=\"\" width=\"150\" height=\"85\" \/><\/a>La\u00a0 Municipalidad de Ca\u00f1ada de G\u00f3mez invita al p\u00fablico en general al recital que brindar\u00e1 el m\u00fasico argentino Carlos Porcel de Peralta \u201cNahuel\u201d, el domingo 2 de octubre, a las 19 horas, en la Casa del Bicentenario, con entrada libre y gratuita.<br \/>\nNahuel es guitarrero, cantor, compositor e int\u00e9rprete, nacido en Argentina, radicado en M\u00e9xico desde hace varios a\u00f1os, desde donde ha desarrollado parte de su oficio como artista present\u00e1ndose a trav\u00e9s de la SEP, el INBA, CONAULTA, Festival Arte por todas partes, Cervantino, Festival de Oto\u00f1o en Hidalgo, Centro Cultural Ala, Mtey., Festival de la Raza, etc. Trabaj\u00f3 como guitarrista de Alfredo Zitarrosa durante su estancia en M\u00e9xico. Es autor de \u00abSer\u00e1 posible el sur\u00bb (1984),\u00a0 Y la milonga lo sabe (2005), y P\u00e1jaro de rodillas (2008) canciones que grab\u00f3 Mercedes Sosa y Lilia Vera, como as\u00ed de Vienen cantando, canci\u00f3n grabada por Ca\u00edto y Mexicanto, entre otros.<\/p>\n<p>&nbsp;<\/p>\n<p>Tiene varios discos como solista con canciones propias y poes\u00eda musicalizada y ha hecho arreglos para cantantes de la talla de Tania Libertad, Eugenia Le\u00f3n (Con Mirando al sur, Tangos en vivo), Armando Manzanero, Lilia Vera, Cecilia Todd, Guillermo Vel\u00e1zquez, Jep Cardona, entre otros. Particip\u00f3 en infinidad de Festivales de la Nueva Canci\u00f3n, en Am\u00e9rica Latina, Estados Unidos, Espa\u00f1a, Corea del Sur, Noruega y Suecia. En noviembre del 2006 fue invitado a la\u00a0 Gira de Mercedes Sosa por M\u00e9xico, y en Enero del 2007, en el Festival de Cosqu\u00edn, donde interpret\u00f3 junto a la Negra su canci\u00f3n P\u00e1jaro de rodillas, y en Enero de 2011 como solista en el mismo festival.<\/p>\n<p>&nbsp;<\/p>\n<p>En su presentaci\u00f3n en la Casa del Bicentenario recorrer\u00e1 temas de sus composiciones solitas y estar\u00e1 acompa\u00f1ado por el cantautor Juan Mu\u00f1iz y el guitarrista Lautaro Matute.<\/p>\n<p>&nbsp;<\/p>\n<p>&nbsp;<\/p>\n","protected":false},"excerpt":{"rendered":"<p>La\u00a0 Municipalidad de Ca\u00f1ada de G\u00f3mez invita al p\u00fablico en general al recital que brindar\u00e1 el m\u00fasico [&hellip;]<\/p>\n","protected":false},"author":3,"featured_media":0,"comment_status":"open","ping_status":"open","sticky":false,"template":"","format":"standard","meta":{"_jetpack_memberships_contains_paid_content":false,"footnotes":"","jetpack_publicize_message":"","jetpack_publicize_feature_enabled":true,"jetpack_social_post_already_shared":false,"jetpack_social_options":{"image_generator_settings":{"template":"highway","enabled":false}}},"categories":[15,11,6],"tags":[],"jetpack_publicize_connections":[],"jetpack_sharing_enabled":true,"jetpack_featured_media_url":"","_links":{"self":[{"href":"http:\/\/enteculturalsantafesino.com.ar\/usina1\/wp-json\/wp\/v2\/posts\/937"}],"collection":[{"href":"http:\/\/enteculturalsantafesino.com.ar\/usina1\/wp-json\/wp\/v2\/posts"}],"about":[{"href":"http:\/\/enteculturalsantafesino.com.ar\/usina1\/wp-json\/wp\/v2\/types\/post"}],"author":[{"embeddable":true,"href":"http:\/\/enteculturalsantafesino.com.ar\/usina1\/wp-json\/wp\/v2\/users\/3"}],"replies":[{"embeddable":true,"href":"http:\/\/enteculturalsantafesino.com.ar\/usina1\/wp-json\/wp\/v2\/comments?post=937"}],"version-history":[{"count":0,"href":"http:\/\/enteculturalsantafesino.com.ar\/usina1\/wp-json\/wp\/v2\/posts\/937\/revisions"}],"wp:attachment":[{"href":"http:\/\/enteculturalsantafesino.com.ar\/usina1\/wp-json\/wp\/v2\/media?parent=937"}],"wp:term":[{"taxonomy":"category","embeddable":true,"href":"http:\/\/enteculturalsantafesino.com.ar\/usina1\/wp-json\/wp\/v2\/categories?post=937"},{"taxonomy":"post_tag","embeddable":true,"href":"http:\/\/enteculturalsantafesino.com.ar\/usina1\/wp-json\/wp\/v2\/tags?post=937"}],"curies":[{"name":"wp","href":"https:\/\/api.w.org\/{rel}","templated":true}]}}