{"id":949,"date":"2011-09-27T11:56:04","date_gmt":"2011-09-27T11:56:04","guid":{"rendered":"http:\/\/entecultura.com.ar\/noticias\/?p=949"},"modified":"2011-09-27T11:56:04","modified_gmt":"2011-09-27T11:56:04","slug":"el-padre-farinello-llega-a-las-parejas","status":"publish","type":"post","link":"http:\/\/enteculturalsantafesino.com.ar\/usina1\/2011\/09\/el-padre-farinello-llega-a-las-parejas\/","title":{"rendered":"EL PADRE FARINELLO LLEGA A LAS PAREJAS"},"content":{"rendered":"<p>I.D.A.E., llega a Las Parejas. El pr\u00f3ximo jueves 20 de octubre desde las 20hs en las instalaciones de I.D.A.E. sito en avda. 13 N\u00b0 740 se llevar\u00e1 a cabo la disertaci\u00f3n del Padre Luis Farinello, el sacerdote es reconocido or su constante militancia y funci\u00f3n desde su fundaci\u00f3n en favor hacia los m\u00e1s humildes. <a href=\"http:\/\/enteculturalsantafesino.com.ar\/noticias\/wp-content\/uploads\/2011\/09\/luis-farinello.png\" rel=\"lightbox[949]\"><img loading=\"lazy\" decoding=\"async\" class=\"alignright size-thumbnail wp-image-950\" title=\"luis farinello\" src=\"http:\/\/enteculturalsantafesino.com.ar\/noticias\/wp-content\/uploads\/2011\/09\/luis-farinello-150x150.png\" alt=\"\" width=\"150\" height=\"150\" \/><\/a><\/p>\n","protected":false},"excerpt":{"rendered":"<p>I.D.A.E., llega a Las Parejas. El pr\u00f3ximo jueves 20 de octubre desde las 20hs en las instalaciones [&hellip;]<\/p>\n","protected":false},"author":3,"featured_media":0,"comment_status":"open","ping_status":"open","sticky":false,"template":"","format":"standard","meta":{"_jetpack_memberships_contains_paid_content":false,"footnotes":"","jetpack_publicize_message":"","jetpack_publicize_feature_enabled":true,"jetpack_social_post_already_shared":false,"jetpack_social_options":{"image_generator_settings":{"template":"highway","enabled":false}}},"categories":[15,4,24],"tags":[],"jetpack_publicize_connections":[],"jetpack_sharing_enabled":true,"jetpack_featured_media_url":"","_links":{"self":[{"href":"http:\/\/enteculturalsantafesino.com.ar\/usina1\/wp-json\/wp\/v2\/posts\/949"}],"collection":[{"href":"http:\/\/enteculturalsantafesino.com.ar\/usina1\/wp-json\/wp\/v2\/posts"}],"about":[{"href":"http:\/\/enteculturalsantafesino.com.ar\/usina1\/wp-json\/wp\/v2\/types\/post"}],"author":[{"embeddable":true,"href":"http:\/\/enteculturalsantafesino.com.ar\/usina1\/wp-json\/wp\/v2\/users\/3"}],"replies":[{"embeddable":true,"href":"http:\/\/enteculturalsantafesino.com.ar\/usina1\/wp-json\/wp\/v2\/comments?post=949"}],"version-history":[{"count":0,"href":"http:\/\/enteculturalsantafesino.com.ar\/usina1\/wp-json\/wp\/v2\/posts\/949\/revisions"}],"wp:attachment":[{"href":"http:\/\/enteculturalsantafesino.com.ar\/usina1\/wp-json\/wp\/v2\/media?parent=949"}],"wp:term":[{"taxonomy":"category","embeddable":true,"href":"http:\/\/enteculturalsantafesino.com.ar\/usina1\/wp-json\/wp\/v2\/categories?post=949"},{"taxonomy":"post_tag","embeddable":true,"href":"http:\/\/enteculturalsantafesino.com.ar\/usina1\/wp-json\/wp\/v2\/tags?post=949"}],"curies":[{"name":"wp","href":"https:\/\/api.w.org\/{rel}","templated":true}]}}