{"id":9509,"date":"2013-04-11T13:32:10","date_gmt":"2013-04-11T13:32:10","guid":{"rendered":"http:\/\/entecultura.com.ar\/usina1\/?p=9509"},"modified":"2013-04-11T13:32:10","modified_gmt":"2013-04-11T13:32:10","slug":"san-genaro-nueva-feria-de-artesanos-y-emprendedores-locales","status":"publish","type":"post","link":"http:\/\/enteculturalsantafesino.com.ar\/usina1\/2013\/04\/san-genaro-nueva-feria-de-artesanos-y-emprendedores-locales\/","title":{"rendered":"San Genaro: Nueva Feria de Artesanos y Emprendedores locales"},"content":{"rendered":"<p>Este fin de semana (13 y 14 de abril) a partir de las 1 7hs te esperamos en el <a href=\"http:\/\/enteculturalsantafesino.com.ar\/usina1\/wp-content\/uploads\/2013\/04\/feria-sg.jpg\" rel=\"lightbox[9509]\"><img loading=\"lazy\" decoding=\"async\" class=\"alignright size-medium wp-image-9510\" alt=\"feria sg\" src=\"http:\/\/enteculturalsantafesino.com.ar\/usina1\/wp-content\/uploads\/2013\/04\/feria-sg-300x225.jpg\" width=\"300\" height=\"225\" srcset=\"http:\/\/enteculturalsantafesino.com.ar\/usina1\/wp-content\/uploads\/2013\/04\/feria-sg-300x225.jpg 300w, http:\/\/enteculturalsantafesino.com.ar\/usina1\/wp-content\/uploads\/2013\/04\/feria-sg.jpg 480w\" sizes=\"(max-width: 300px) 100vw, 300px\" \/><\/a><\/p>\n<p>cruce de sem\u00e1foros (Av. Roque S\u00e1enz Pe\u00f1a y Ruta N\u00ba 65).<\/p>\n<p>Ven\u00ed a disfrutar de un novedoso paseo de compras. Adem\u00e1s tendremos espect\u00e1culos musicales.<\/p>\n<p>Domingo 14: Show en vivo de Panchito L\u00f3pez y los Referentes.<\/p>\n<iframe class='youtube-player youtuber' type='text\/html' width='425' height='355' src='http:\/\/www.youtube.com\/embed\/sKQ1nOHoysU?rel=0&amp;fs=1' webkitAllowFullScreen mozallowfullscreen allowFullScreen frameborder='0'><\/iframe>\n","protected":false},"excerpt":{"rendered":"<p>Este fin de semana (13 y 14 de abril) a partir de las 1 7hs te esperamos [&hellip;]<\/p>\n","protected":false},"author":3,"featured_media":9510,"comment_status":"closed","ping_status":"closed","sticky":false,"template":"","format":"standard","meta":{"_jetpack_memberships_contains_paid_content":false,"footnotes":"","jetpack_publicize_message":"","jetpack_publicize_feature_enabled":true,"jetpack_social_post_already_shared":false,"jetpack_social_options":{"image_generator_settings":{"template":"highway","enabled":false}}},"categories":[28],"tags":[],"jetpack_publicize_connections":[],"jetpack_sharing_enabled":true,"jetpack_featured_media_url":"http:\/\/enteculturalsantafesino.com.ar\/usina1\/wp-content\/uploads\/2013\/04\/feria-sg.jpg","_links":{"self":[{"href":"http:\/\/enteculturalsantafesino.com.ar\/usina1\/wp-json\/wp\/v2\/posts\/9509"}],"collection":[{"href":"http:\/\/enteculturalsantafesino.com.ar\/usina1\/wp-json\/wp\/v2\/posts"}],"about":[{"href":"http:\/\/enteculturalsantafesino.com.ar\/usina1\/wp-json\/wp\/v2\/types\/post"}],"author":[{"embeddable":true,"href":"http:\/\/enteculturalsantafesino.com.ar\/usina1\/wp-json\/wp\/v2\/users\/3"}],"replies":[{"embeddable":true,"href":"http:\/\/enteculturalsantafesino.com.ar\/usina1\/wp-json\/wp\/v2\/comments?post=9509"}],"version-history":[{"count":0,"href":"http:\/\/enteculturalsantafesino.com.ar\/usina1\/wp-json\/wp\/v2\/posts\/9509\/revisions"}],"wp:featuredmedia":[{"embeddable":true,"href":"http:\/\/enteculturalsantafesino.com.ar\/usina1\/wp-json\/wp\/v2\/media\/9510"}],"wp:attachment":[{"href":"http:\/\/enteculturalsantafesino.com.ar\/usina1\/wp-json\/wp\/v2\/media?parent=9509"}],"wp:term":[{"taxonomy":"category","embeddable":true,"href":"http:\/\/enteculturalsantafesino.com.ar\/usina1\/wp-json\/wp\/v2\/categories?post=9509"},{"taxonomy":"post_tag","embeddable":true,"href":"http:\/\/enteculturalsantafesino.com.ar\/usina1\/wp-json\/wp\/v2\/tags?post=9509"}],"curies":[{"name":"wp","href":"https:\/\/api.w.org\/{rel}","templated":true}]}}