{"id":953,"date":"2011-09-27T22:35:43","date_gmt":"2011-09-27T22:35:43","guid":{"rendered":"http:\/\/entecultura.com.ar\/noticias\/?p=953"},"modified":"2011-09-27T22:41:17","modified_gmt":"2011-09-27T22:41:17","slug":"georgina-grunauer-diserton-en-el-museo-de-el-trebol","status":"publish","type":"post","link":"http:\/\/enteculturalsantafesino.com.ar\/usina1\/2011\/09\/georgina-grunauer-diserton-en-el-museo-de-el-trebol\/","title":{"rendered":"GEORGINA GRUNAUER DISERTO EN EL MUSEO DE EL TR\u00c9BOL"},"content":{"rendered":"<p><a href=\"http:\/\/enteculturalsantafesino.com.ar\/noticias\/wp-content\/uploads\/2011\/09\/GRUNAUER.jpg\" rel=\"lightbox[953]\"><img loading=\"lazy\" decoding=\"async\" class=\"alignright size-thumbnail wp-image-954\" title=\"GRUNAUER\" src=\"http:\/\/enteculturalsantafesino.com.ar\/noticias\/wp-content\/uploads\/2011\/09\/GRUNAUER-150x150.jpg\" alt=\"\" width=\"150\" height=\"150\" \/><\/a>Comenz\u00f3 la muestra gr\u00e1fica \u201cEva Per\u00f3n, Mujer del Bicentenario\u201d, que se realiza en la ciudad de El Tr\u00e9bol, con el objetivo de acercar, a estudiantes de nivel secundario y al p\u00fablico en general, el relato sobre la vida de Eva Per\u00f3n entre los a\u00f1os 1919-1952, y contribuir a la reflexi\u00f3n sobre Derechos Humanos.<\/p>\n<p><em><strong>\u201cQueremos generar conciencia ciudadana, instalar el tema, estamos dentro del marco del Decreto Presidencial que nombra a Eva, como Mujer del Bicentenario, es una muestra itinerante que va por todas las localidades que nos invitan, dedicada especialmente a los j\u00f3venes\u201d: <\/strong><\/em>explic\u00f3 la tallerista Georgina Grunauer.<\/p>\n<div>\n<p>La muestra podr\u00e1 visitarse hasta el jueves 29 de setiembre, inclusive.<\/p>\n<\/div>\n<p>La muestra gr\u00e1fica es un relato sobre la vida de Eva contextualizado hist\u00f3ricamente y contribuye a la reflexi\u00f3n sobre Derechos Humanos, G\u00e9nero, y Movimiento Obrero, entre otros. Dicha Muestra permanecer\u00e1 abierta para toda la comunidad hasta jueves 29 de setiembre, inclusive.<\/p>\n<p><em><strong>\u201cLa importancia de estas fotos radica en que son materiales in\u00e9ditos en su mayor\u00eda y muestran una Evita totalmente distinta, en momentos especiales de sus d\u00edas, que fueron recopiladas por Mazzorotolo\u201d<\/strong><\/em>, expres\u00f3 Grunauer.<\/p>\n<p><strong>Detalles de la Muestra<\/strong><\/p>\n<div>\n<p>La muestra consta de 33 paneles y se compone de fotos y textos.<\/p>\n<\/div>\n<p>La muestra consta de 33 paneles y se compone de fotos y textos. El material fotogr\u00e1fico proviene de la\u00a0 Colecci\u00f3n Alfredo Mazzorotolo, fot\u00f3grafo de Evita, del Archivo General de la Naci\u00f3n y del Museo Evita. Los textos son breves relatos hist\u00f3ricos que contextualizan y frases de Eva extra\u00eddas de sus muchos discursos y del libro \u201cLa Raz\u00f3n de mi Vida\u201d.<\/p>\n<p>&nbsp;<\/p>\n<div>\n<p>El material fotogr\u00e1fico proviene de la Colecci\u00f3n Alfredo Mazzorotolo.<\/p>\n<\/div>\n<p>El relato gr\u00e1fico se organiza sobre tres ejes tem\u00e1ticos: Hitos Sociales donde se describen las pol\u00edticas y obras de acci\u00f3n social realizadas desde la Fundaci\u00f3n Eva Per\u00f3n. El segundo eje es: Su militancia a favor de los derechos de los trabajadores, donde se describe la relaci\u00f3n estrat\u00e9gica entre Eva y sus \u201cdescamisados\u201d agrupados en la CGT; y el tercer eje: La participaci\u00f3n de las Mujeres en la Pol\u00edtica donde se describe la convocatoria que hizo Eva a la participaci\u00f3n pol\u00edtica de las mujeres a trav\u00e9s del impulso al voto femenino y la organizaci\u00f3n en el Partido Peronista Femenino.<\/p>\n<div>\n<p>El relato gr\u00e1fico se organiza sobre tres ejes tem\u00e1ticos<\/p>\n<\/div>\n<p>Tambi\u00e9n se abordan la etapa de infancia en Los Toldos y Jun\u00edn y su juventud en Buenos Aires, buscando progresar dentro de su vocaci\u00f3n art\u00edstica. Se cuentan tambi\u00e9n momentos hist\u00f3ricos destacados donde Eva fue protagonista, como la proclama por parte de la CGT a la candidatura como Vicepresidenta de la Naci\u00f3n en el Cabildo Abierto del Justicialismo el 22 de agosto de 1951. Por \u00faltimo, se comenta su funeral y como deja huellas imborrables en el alma del pueblo.<\/p>\n","protected":false},"excerpt":{"rendered":"<p>Comenz\u00f3 la muestra gr\u00e1fica \u201cEva Per\u00f3n, Mujer del Bicentenario\u201d, que se realiza en la ciudad de El [&hellip;]<\/p>\n","protected":false},"author":3,"featured_media":0,"comment_status":"open","ping_status":"open","sticky":false,"template":"","format":"standard","meta":{"_jetpack_memberships_contains_paid_content":false,"footnotes":"","jetpack_publicize_message":"","jetpack_publicize_feature_enabled":true,"jetpack_social_post_already_shared":false,"jetpack_social_options":{"image_generator_settings":{"template":"highway","enabled":false}}},"categories":[15,18,4],"tags":[],"jetpack_publicize_connections":[],"jetpack_sharing_enabled":true,"jetpack_featured_media_url":"","_links":{"self":[{"href":"http:\/\/enteculturalsantafesino.com.ar\/usina1\/wp-json\/wp\/v2\/posts\/953"}],"collection":[{"href":"http:\/\/enteculturalsantafesino.com.ar\/usina1\/wp-json\/wp\/v2\/posts"}],"about":[{"href":"http:\/\/enteculturalsantafesino.com.ar\/usina1\/wp-json\/wp\/v2\/types\/post"}],"author":[{"embeddable":true,"href":"http:\/\/enteculturalsantafesino.com.ar\/usina1\/wp-json\/wp\/v2\/users\/3"}],"replies":[{"embeddable":true,"href":"http:\/\/enteculturalsantafesino.com.ar\/usina1\/wp-json\/wp\/v2\/comments?post=953"}],"version-history":[{"count":0,"href":"http:\/\/enteculturalsantafesino.com.ar\/usina1\/wp-json\/wp\/v2\/posts\/953\/revisions"}],"wp:attachment":[{"href":"http:\/\/enteculturalsantafesino.com.ar\/usina1\/wp-json\/wp\/v2\/media?parent=953"}],"wp:term":[{"taxonomy":"category","embeddable":true,"href":"http:\/\/enteculturalsantafesino.com.ar\/usina1\/wp-json\/wp\/v2\/categories?post=953"},{"taxonomy":"post_tag","embeddable":true,"href":"http:\/\/enteculturalsantafesino.com.ar\/usina1\/wp-json\/wp\/v2\/tags?post=953"}],"curies":[{"name":"wp","href":"https:\/\/api.w.org\/{rel}","templated":true}]}}