{"id":957,"date":"2011-09-27T22:38:08","date_gmt":"2011-09-27T22:38:08","guid":{"rendered":"http:\/\/entecultura.com.ar\/noticias\/?p=957"},"modified":"2011-09-27T22:38:08","modified_gmt":"2011-09-27T22:38:08","slug":"correa-en-una-imagen-2","status":"publish","type":"post","link":"http:\/\/enteculturalsantafesino.com.ar\/usina1\/2011\/09\/correa-en-una-imagen-2\/","title":{"rendered":"CORREA EN UNA IMAGEN"},"content":{"rendered":"<p><a href=\"http:\/\/enteculturalsantafesino.com.ar\/noticias\/wp-content\/uploads\/2011\/09\/Foto_ganadora.jpg\" rel=\"lightbox[957]\"><img loading=\"lazy\" decoding=\"async\" class=\"alignright size-thumbnail wp-image-958\" title=\"Foto_ganadora\" src=\"http:\/\/enteculturalsantafesino.com.ar\/noticias\/wp-content\/uploads\/2011\/09\/Foto_ganadora-150x150.jpg\" alt=\"\" width=\"150\" height=\"150\" \/><\/a>Conjuntamente con los festejos por el D\u00eda del Pueblo, el Gabinete Joven de la<br \/>\nComuna de Correa dio a conocer el ganador del concurso de fotos \u00abCorrea en una<br \/>\nimagen\u00bb.<\/p>\n<p>Entre un importante n\u00famero de participantes, un<br \/>\njurado integrado por fot\u00f3grafos locales eligi\u00f3 como ganadora la foto de Nicol\u00e1s<br \/>\nCordero, que tiene como tema la vieja estaci\u00f3n de ferrocarril, uno de los<br \/>\nlugares emblem\u00e1ticos de la localidad.<br \/>\nLa foto ganadora, junto al resto de las<br \/>\npropuestas presentadas, ser\u00e1n exhibidas en el hall de la Comuna hasta el viernes<br \/>\n14 de octubre.<\/p>\n","protected":false},"excerpt":{"rendered":"<p>Conjuntamente con los festejos por el D\u00eda del Pueblo, el Gabinete Joven de la Comuna de Correa [&hellip;]<\/p>\n","protected":false},"author":3,"featured_media":0,"comment_status":"open","ping_status":"open","sticky":false,"template":"","format":"standard","meta":{"_jetpack_memberships_contains_paid_content":false,"footnotes":"","jetpack_publicize_message":"","jetpack_publicize_feature_enabled":true,"jetpack_social_post_already_shared":false,"jetpack_social_options":{"image_generator_settings":{"template":"highway","enabled":false}}},"categories":[15,21,4],"tags":[],"jetpack_publicize_connections":[],"jetpack_sharing_enabled":true,"jetpack_featured_media_url":"","_links":{"self":[{"href":"http:\/\/enteculturalsantafesino.com.ar\/usina1\/wp-json\/wp\/v2\/posts\/957"}],"collection":[{"href":"http:\/\/enteculturalsantafesino.com.ar\/usina1\/wp-json\/wp\/v2\/posts"}],"about":[{"href":"http:\/\/enteculturalsantafesino.com.ar\/usina1\/wp-json\/wp\/v2\/types\/post"}],"author":[{"embeddable":true,"href":"http:\/\/enteculturalsantafesino.com.ar\/usina1\/wp-json\/wp\/v2\/users\/3"}],"replies":[{"embeddable":true,"href":"http:\/\/enteculturalsantafesino.com.ar\/usina1\/wp-json\/wp\/v2\/comments?post=957"}],"version-history":[{"count":0,"href":"http:\/\/enteculturalsantafesino.com.ar\/usina1\/wp-json\/wp\/v2\/posts\/957\/revisions"}],"wp:attachment":[{"href":"http:\/\/enteculturalsantafesino.com.ar\/usina1\/wp-json\/wp\/v2\/media?parent=957"}],"wp:term":[{"taxonomy":"category","embeddable":true,"href":"http:\/\/enteculturalsantafesino.com.ar\/usina1\/wp-json\/wp\/v2\/categories?post=957"},{"taxonomy":"post_tag","embeddable":true,"href":"http:\/\/enteculturalsantafesino.com.ar\/usina1\/wp-json\/wp\/v2\/tags?post=957"}],"curies":[{"name":"wp","href":"https:\/\/api.w.org\/{rel}","templated":true}]}}