{"id":10051,"date":"2013-05-08T14:19:16","date_gmt":"2013-05-08T14:19:16","guid":{"rendered":"http:\/\/entecultura.com.ar\/usina2\/?p=10051"},"modified":"2013-05-08T14:19:27","modified_gmt":"2013-05-08T14:19:27","slug":"felicia-el-fenomeno-de-la-virgen-del-milagro","status":"publish","type":"post","link":"http:\/\/enteculturalsantafesino.com.ar\/usina2\/2013\/05\/felicia-el-fenomeno-de-la-virgen-del-milagro\/","title":{"rendered":"Felicia: El fen\u00f3meno de la Virgen del Milagro"},"content":{"rendered":"<p><strong>Jos\u00e9 Zenclussen<a href=\"http:\/\/enteculturalsantafesino.com.ar\/usina2\/wp-content\/uploads\/2013\/05\/virgen-1.jpg\" rel=\"lightbox[10051]\"><img loading=\"lazy\" decoding=\"async\" class=\"size-medium wp-image-10052 alignright\" alt=\"virgen 1\" src=\"http:\/\/enteculturalsantafesino.com.ar\/usina2\/wp-content\/uploads\/2013\/05\/virgen-1-300x225.jpg\" width=\"300\" height=\"225\" \/><\/a><\/strong><br \/>\nLa capilla ubicada en la localidad del Departamento Las Colonias recibe alrededor de 20 mil visitantes cada a\u00f1o. Cada 9 de octubre, cuando se celebra su d\u00eda, m\u00e1s de 5 mil fieles pasan por el templo.<a href=\"mailto:redaccion@miradorprovincial.com?subject=Contacto\" target=\"_blank\"><br \/>\n<\/a><br \/>\nLa historia de la capilla de la Virgen del Milagro en Felicia naci\u00f3 en 1891, hace casi 122 a\u00f1os. Anunciada Maine de Pirola, al inmigrar desde Italia se instal\u00f3 en las cercan\u00edas de Esperanza, en la colonia Felicia. Tras haber perdido el habla despu\u00e9s de un ataque de los indios, prometi\u00f3 a la Virgen del Milagro que si volv\u00eda a hablar, levantar\u00eda una capilla en su honor.<\/p>\n<p>Transcurrido un tiempo, Anunciada tropieza con su perro, la hace trastabillar y le sale un \u00a1Fuera! As\u00ed lleg\u00f3 el milagro y la mujer cumpliendo con su promesa mand\u00f3 traer de Italia la imagen de la virgen de Desenzano. La r\u00e9plica de la Virgen lleg\u00f3 a Felicia entre 1885 y 1890 y se qued\u00f3, en primera instancia, en la casa familiar de Don \u00c1ngel Pirola.<\/p>\n<p>Poco a poco, fue corri\u00e9ndose la voz de los milagros de la Virgen y cada vez m\u00e1s devotos se acercaron a conocerla y orarle. La familia decidi\u00f3 entonces construir al frente de su casa una capilla para que todos pudieran venerar a la Virgen del Milagro. En 1891 se inaugur\u00f3 la capilla, que desde ese momento es visitada por los fieles durante todo el a\u00f1o.<\/p>\n<p>Desde 2001, por decisi\u00f3n del descendiente a cargo, Adolfo Guse Pirola y sus hijos, y en concordancia con la comuna local, la Capilla pas\u00f3 a ser Patrimonio Hist\u00f3rico Cultural Comunal.<\/p>\n<p><strong>Restauraci\u00f3n<br \/>\n<\/strong>En di\u00e1logo con Mirador Provincial, Mar\u00eda Lujan Furlotti, quien desde la d\u00e9cada del 80 est\u00e1 a cargo del cuidado de la capilla habl\u00f3 sobre el fervor que existe en la zona por la Virgen del Milagro y los trabajos que realiz\u00f3 con su esposo hace ya unas d\u00e9cadas para recuperarla.<\/p>\n<p>\u201cEste lugar estaba abandonado, la iban a cerrar y con mi marido pedimos arreglarla. No hab\u00eda nada ni siquiera luz, empezamos de a poco pusimos mucho esfuerzo y trabajo, fuimos arreglando y restaurando los cuadros pieza por pieza\u201d, repas\u00f3.<\/p>\n<p>Mar\u00eda coment\u00f3 que desde hace unos a\u00f1os, cuando falleci\u00f3 su marido, tiene la ayuda de su hijo que d\u00eda a d\u00eda le da una mano para abrir la capilla y realizar las tareas que son necesarias para mantener el centenario edificio. \u201cLo hacemos con mucho amor. Todos los d\u00edas del a\u00f1o hay gente, nosotros abrimos temprano a las seis de la ma\u00f1ana y desde esa hora ya empieza a llegar gente. La cantidad de personas que pasaron el feriado \u2014por el 1\u00b0 de mayo\u2014 fue impresionante\u201d, afirm\u00f3.<\/p>\n<p>Furlotti agreg\u00f3 que los fieles no s\u00f3lo se acercan a venerar a la Virgen el 9 de octubre, fecha en que se celebra el d\u00eda de la Virgen del Milagro, sino que la llegada de personas se da todos los d\u00edas del a\u00f1o. \u201cEs muy conmovedor, van y vienen constantemente. Con mi hijo calculamos que durante el a\u00f1o m\u00e1s de 20 mil personas pasan por la capilla. En 2012, para el d\u00eda de la Virgen eran unas 5 mil personas las que participaron de la misa. Fue incre\u00edble\u201d, se\u00f1al\u00f3.<\/p>\n<p><strong>Museo<br \/>\n<\/strong>Adem\u00e1s de la capilla, emplazada en la propiedad que perteneciera a Do\u00f1a Anunciada, se ubicada en un lateral el museo donde a\u00f1o a a\u00f1o los fieles dejan objetos tras las promesas hechas a la Virgen.<\/p>\n<p>\u201cA lo largo de los a\u00f1os la gente fue dejando una innumerable cantidad de cosas que las fuimos seleccionando y ubicando en las siete salas que forman el museo. Hay una importante colecci\u00f3n de vestidos de novia, algunos datan del a\u00f1o 1935. Tambi\u00e9n hay vestidos de 15, biblias \u2014dos de ellas de 1894 y 1883\u2014, im\u00e1genes antiguas, floreros, esculturas, entre otros objetos\u201d, coment\u00f3 Furlotti.<\/p>\n<p>La encargada de la capilla y el museo tambi\u00e9n hizo referencia a la sala dedicada a los trofeos. \u201cAll\u00ed se guardan distintas donaciones de quienes han hecho promesas a la virgen, entre ellos deportistas de elite que pasaron por Felicia (ver aparte). Tambi\u00e9n hay camisetas de distintos clubes de la zona y el pa\u00eds\u201d. Tambi\u00e9n en este sector existe un puesto donde se venden distintas im\u00e1genes y souvenir, cuyo beneficio se traslada al mantenimiento del Templo.<\/p>\n<p>Desde 1891, cuando Anunciada decide levantar la capilla en honor a la Virgen del Milagro, miles de fieles se acercan a Felicia a venerar a Mar\u00eda. Un fen\u00f3meno que crece a\u00f1o tras a\u00f1o y que s\u00f3lo la fe es capaz de explicar.<\/p>\n<p><strong><em>fuente:elmiradorprovincial<\/em><\/strong><\/p>\n","protected":false},"excerpt":{"rendered":"<p>Jos\u00e9 Zenclussen La capilla ubicada en la localidad del Departamento Las Colonias recibe alrededor de 20 mil [&hellip;]<\/p>\n","protected":false},"author":3,"featured_media":0,"comment_status":"closed","ping_status":"closed","sticky":false,"template":"","format":"standard","meta":{"_jetpack_memberships_contains_paid_content":false,"footnotes":"","jetpack_publicize_message":"","jetpack_publicize_feature_enabled":true,"jetpack_social_post_already_shared":false,"jetpack_social_options":{"image_generator_settings":{"template":"highway","enabled":false}}},"categories":[30],"tags":[],"jetpack_publicize_connections":[],"jetpack_featured_media_url":"","jetpack_sharing_enabled":true,"_links":{"self":[{"href":"http:\/\/enteculturalsantafesino.com.ar\/usina2\/wp-json\/wp\/v2\/posts\/10051"}],"collection":[{"href":"http:\/\/enteculturalsantafesino.com.ar\/usina2\/wp-json\/wp\/v2\/posts"}],"about":[{"href":"http:\/\/enteculturalsantafesino.com.ar\/usina2\/wp-json\/wp\/v2\/types\/post"}],"author":[{"embeddable":true,"href":"http:\/\/enteculturalsantafesino.com.ar\/usina2\/wp-json\/wp\/v2\/users\/3"}],"replies":[{"embeddable":true,"href":"http:\/\/enteculturalsantafesino.com.ar\/usina2\/wp-json\/wp\/v2\/comments?post=10051"}],"version-history":[{"count":0,"href":"http:\/\/enteculturalsantafesino.com.ar\/usina2\/wp-json\/wp\/v2\/posts\/10051\/revisions"}],"wp:attachment":[{"href":"http:\/\/enteculturalsantafesino.com.ar\/usina2\/wp-json\/wp\/v2\/media?parent=10051"}],"wp:term":[{"taxonomy":"category","embeddable":true,"href":"http:\/\/enteculturalsantafesino.com.ar\/usina2\/wp-json\/wp\/v2\/categories?post=10051"},{"taxonomy":"post_tag","embeddable":true,"href":"http:\/\/enteculturalsantafesino.com.ar\/usina2\/wp-json\/wp\/v2\/tags?post=10051"}],"curies":[{"name":"wp","href":"https:\/\/api.w.org\/{rel}","templated":true}]}}