{"id":10062,"date":"2013-05-09T01:45:19","date_gmt":"2013-05-09T01:45:19","guid":{"rendered":"http:\/\/entecultura.com.ar\/usina2\/?p=10062"},"modified":"2013-05-09T01:45:19","modified_gmt":"2013-05-09T01:45:19","slug":"lehmann-clave-de-cuento-en-las-escuelas","status":"publish","type":"post","link":"http:\/\/enteculturalsantafesino.com.ar\/usina2\/2013\/05\/lehmann-clave-de-cuento-en-las-escuelas\/","title":{"rendered":"Lehmann: \u00abClave de Cuento\u00bb en las escuelas."},"content":{"rendered":"<p><img loading=\"lazy\" decoding=\"async\" class=\"alignright\" alt=\"\" src=\"http:\/\/www.tintalacarta.com\/wp-content\/uploads\/cuento_pareja.jpg\" width=\"288\" height=\"192\" \/>\u00a0La Comisi\u00f3n de Cultura informa que esta nueva propuesta del Ente Regional, llamada \u201cClave de cuento\u201d<b><\/b>\u00a0ya fue enviada a las escuelas locales. La misma est\u00e1 dirigida a los educandos comprendidos entre 12 y 16 a\u00f1os, es de tem\u00e1tica libre y cada alumno podr\u00e1 presentar un solo trabajo hasta el 30 de agosto inclusive.<\/p>\n<p>Consideramos que es una buena oportunidad para aquellos que est\u00e9n interesados en la escritura y quieran hacer sus primeros intentos\u00a0 en esta forma literaria: el cuento.\u00a0 Las bases para participar pueden ser consultadas en la direcci\u00f3n de cada establecimiento.<\/p>\n<p>Recordamos que la \u201cCasa de la Cultura\u201d permanece abierta para consultas y sugerencias por la ma\u00f1ana de 09:00 hs a 11.30 hs.<\/p>\n","protected":false},"excerpt":{"rendered":"<p>\u00a0La Comisi\u00f3n de Cultura informa que esta nueva propuesta del Ente Regional, llamada \u201cClave de cuento\u201d\u00a0ya fue [&hellip;]<\/p>\n","protected":false},"author":3,"featured_media":0,"comment_status":"closed","ping_status":"closed","sticky":false,"template":"","format":"standard","meta":{"_jetpack_memberships_contains_paid_content":false,"footnotes":"","jetpack_publicize_message":"","jetpack_publicize_feature_enabled":true,"jetpack_social_post_already_shared":false,"jetpack_social_options":{"image_generator_settings":{"template":"highway","enabled":false}}},"categories":[2],"tags":[],"jetpack_publicize_connections":[],"jetpack_featured_media_url":"","jetpack_sharing_enabled":true,"_links":{"self":[{"href":"http:\/\/enteculturalsantafesino.com.ar\/usina2\/wp-json\/wp\/v2\/posts\/10062"}],"collection":[{"href":"http:\/\/enteculturalsantafesino.com.ar\/usina2\/wp-json\/wp\/v2\/posts"}],"about":[{"href":"http:\/\/enteculturalsantafesino.com.ar\/usina2\/wp-json\/wp\/v2\/types\/post"}],"author":[{"embeddable":true,"href":"http:\/\/enteculturalsantafesino.com.ar\/usina2\/wp-json\/wp\/v2\/users\/3"}],"replies":[{"embeddable":true,"href":"http:\/\/enteculturalsantafesino.com.ar\/usina2\/wp-json\/wp\/v2\/comments?post=10062"}],"version-history":[{"count":0,"href":"http:\/\/enteculturalsantafesino.com.ar\/usina2\/wp-json\/wp\/v2\/posts\/10062\/revisions"}],"wp:attachment":[{"href":"http:\/\/enteculturalsantafesino.com.ar\/usina2\/wp-json\/wp\/v2\/media?parent=10062"}],"wp:term":[{"taxonomy":"category","embeddable":true,"href":"http:\/\/enteculturalsantafesino.com.ar\/usina2\/wp-json\/wp\/v2\/categories?post=10062"},{"taxonomy":"post_tag","embeddable":true,"href":"http:\/\/enteculturalsantafesino.com.ar\/usina2\/wp-json\/wp\/v2\/tags?post=10062"}],"curies":[{"name":"wp","href":"https:\/\/api.w.org\/{rel}","templated":true}]}}