{"id":10409,"date":"2013-06-11T23:57:16","date_gmt":"2013-06-11T23:57:16","guid":{"rendered":"http:\/\/entecultura.com.ar\/usina2\/?p=10409"},"modified":"2013-06-11T23:57:16","modified_gmt":"2013-06-11T23:57:16","slug":"lehmann-el-sol-cobijo-la-muestra-ellos-quieren-contarnos%e2%80%8f","status":"publish","type":"post","link":"http:\/\/enteculturalsantafesino.com.ar\/usina2\/2013\/06\/lehmann-el-sol-cobijo-la-muestra-ellos-quieren-contarnos%e2%80%8f\/","title":{"rendered":"Lehmann: El sol cobij\u00f3 la Muestra \u00abEllos quieren contarnos\u00bb\u200f."},"content":{"rendered":"<div><a href=\"http:\/\/enteculturalsantafesino.com.ar\/usina2\/wp-content\/uploads\/2013\/06\/1003098_539582619421839_278650409_n.jpg\" rel=\"lightbox[10409]\"><img loading=\"lazy\" decoding=\"async\" class=\"size-medium wp-image-10411 alignright\" alt=\"1003098_539582619421839_278650409_n\" src=\"http:\/\/enteculturalsantafesino.com.ar\/usina2\/wp-content\/uploads\/2013\/06\/1003098_539582619421839_278650409_n-300x225.jpg\" width=\"300\" height=\"225\" \/><\/a>La\u00a0<strong>Muestra de Derechos Humanos \u00abEllos quieren contarnos\u00bb\u00a0<\/strong>lleg\u00f3 a la localidad de\u00a0<strong>Lehmann-Depto. Castellanos\u00a0<\/strong>y a trav\u00e9s de la Comisi\u00f3n de Cultura fue expuesta en las nuevas instalaciones de la Casa de la Cultura\u00a0a partir de las 10 hs.<\/div>\n<div><\/div>\n<div>Alumnos, Docentes y vecinos de la comunidad se acercaron al \u00abfaro cultural lehmense\u00bb disfrutando de un bello d\u00eda a pleno sol,\u00a0junto\u00a0a las vivencias y experiencias reflejadas en im\u00e1genes que\u00a0evocan\u00a0un momento oscuro y duro de nuestra historia como pa\u00eds<\/div>\n<div><\/div>\n<div>Las piezas gr\u00e1ficas, en forma de pancartas, est\u00e1n compuestas por fotograf\u00edas de los detenidos-desaparecidos, fragmentos de poemas, cartas y fotos \u00a0de sus familias, entre otros materiales a exhibir y tiene como objetivo estimular a los j\u00f3venes a participar y construir sus propias im\u00e1genes y pensamientos , a trav\u00e9s de lo que \u00a0ilustran las historias de vida de algunos de los 30.000 detenidos-desaparecidos por la \u00faltima Dictadura militar de nuestro pa\u00eds.<\/div>\n<div><\/div>\n<div>El Programa de Derechos Humanos de la Subsecretar\u00eda de Pol\u00edticas Socioculturales, tiene como objetivo promover en la sociedad la reflexi\u00f3n sobre las consecuencias que trajeron aparejadas el terrorismo de Estado y otros momentos significativos de la historia argentina, as\u00ed como el an\u00e1lisis del estado actual de los derechos humanos. Se incluyen temas como la violencia familiar, embarazo adolescente, drogadicci\u00f3n, trabajo esclavo, abuso de autoridad y las problem\u00e1ticas que afectan actualmente a la sociedad. Para que la misma no pierda su potencial de desarrollo es necesario que la ciudadan\u00eda conozca sus derechos para que no se instalen pr\u00e1cticas de desigualdad y discriminaci\u00f3n.<\/div>\n<div><\/div>\n<div>Esta Muestra que llega a trav\u00e9s de la\u00a0<strong><em>Secretaria de Cultura de la Naci\u00f3n y la Diputada Nacional Claudia Giaccone<\/em><\/strong>\u00a0ya se encuentra en\u00a0su tramo final del recorrido, visitando a la comunidad de Ramona(Castellanos) durante el mi\u00e9rcoles 12 y llegando a Esperanza ( Las Colonias) el jueves 13 hasta el 18 de junio.-<\/div>\n<div><\/div>\n","protected":false},"excerpt":{"rendered":"<p>La\u00a0Muestra de Derechos Humanos \u00abEllos quieren contarnos\u00bb\u00a0lleg\u00f3 a la localidad de\u00a0Lehmann-Depto. Castellanos\u00a0y a trav\u00e9s de la Comisi\u00f3n [&hellip;]<\/p>\n","protected":false},"author":3,"featured_media":0,"comment_status":"closed","ping_status":"closed","sticky":false,"template":"","format":"standard","meta":{"_jetpack_memberships_contains_paid_content":false,"footnotes":"","jetpack_publicize_message":"","jetpack_publicize_feature_enabled":true,"jetpack_social_post_already_shared":false,"jetpack_social_options":{"image_generator_settings":{"template":"highway","enabled":false}}},"categories":[2],"tags":[],"jetpack_publicize_connections":[],"jetpack_featured_media_url":"","jetpack_sharing_enabled":true,"_links":{"self":[{"href":"http:\/\/enteculturalsantafesino.com.ar\/usina2\/wp-json\/wp\/v2\/posts\/10409"}],"collection":[{"href":"http:\/\/enteculturalsantafesino.com.ar\/usina2\/wp-json\/wp\/v2\/posts"}],"about":[{"href":"http:\/\/enteculturalsantafesino.com.ar\/usina2\/wp-json\/wp\/v2\/types\/post"}],"author":[{"embeddable":true,"href":"http:\/\/enteculturalsantafesino.com.ar\/usina2\/wp-json\/wp\/v2\/users\/3"}],"replies":[{"embeddable":true,"href":"http:\/\/enteculturalsantafesino.com.ar\/usina2\/wp-json\/wp\/v2\/comments?post=10409"}],"version-history":[{"count":0,"href":"http:\/\/enteculturalsantafesino.com.ar\/usina2\/wp-json\/wp\/v2\/posts\/10409\/revisions"}],"wp:attachment":[{"href":"http:\/\/enteculturalsantafesino.com.ar\/usina2\/wp-json\/wp\/v2\/media?parent=10409"}],"wp:term":[{"taxonomy":"category","embeddable":true,"href":"http:\/\/enteculturalsantafesino.com.ar\/usina2\/wp-json\/wp\/v2\/categories?post=10409"},{"taxonomy":"post_tag","embeddable":true,"href":"http:\/\/enteculturalsantafesino.com.ar\/usina2\/wp-json\/wp\/v2\/tags?post=10409"}],"curies":[{"name":"wp","href":"https:\/\/api.w.org\/{rel}","templated":true}]}}