{"id":10414,"date":"2013-06-12T13:56:45","date_gmt":"2013-06-12T13:56:45","guid":{"rendered":"http:\/\/entecultura.com.ar\/usina2\/?p=10414"},"modified":"2013-06-12T13:56:45","modified_gmt":"2013-06-12T13:56:45","slug":"ramona-firma-convenio-para-participar-en-el-festival-de-teatro-2013","status":"publish","type":"post","link":"http:\/\/enteculturalsantafesino.com.ar\/usina2\/2013\/06\/ramona-firma-convenio-para-participar-en-el-festival-de-teatro-2013\/","title":{"rendered":"Ramona: Firma convenio para participar en el Festival de Teatro 2013."},"content":{"rendered":"<p><a href=\"http:\/\/enteculturalsantafesino.com.ar\/usina2\/wp-content\/uploads\/2013\/06\/995046_544763602247779_1583606579_n.jpg\" rel=\"lightbox[10414]\"><img loading=\"lazy\" decoding=\"async\" class=\"size-medium wp-image-10415 alignright\" alt=\"995046_544763602247779_1583606579_n\" src=\"http:\/\/enteculturalsantafesino.com.ar\/usina2\/wp-content\/uploads\/2013\/06\/995046_544763602247779_1583606579_n-300x225.jpg\" width=\"300\" height=\"225\" \/><\/a>Ramona, en el d\u00eda de ayer, firm\u00f3 el convenio para ser Subsede \u00a0del Festival de Teatro 2013, organizado por la Secretar\u00eda de Cultura de la ciudad de Rafaela.<\/p>\n<p>Cabe destacar que Ramona participa por segundo a\u00f1o consecutivo.\u00a0Asistieron al encuentro el intendente de la ciudad de Rafaela, Luis Castellano, el Secretario de Cultura, Marcelo Allasino, el presidente comunal de Ramona, Ceferino Mondino, el presidente comunal de Suardi, Hugo Boscarol, y el Coordinador de la Comisi\u00f3n de Cultura de la Comuna de Ataliva, Marcelo Bergese, en representaci\u00f3n del presidente comunal Fabio S\u00e1nchez.<\/p>\n<p>&nbsp;<\/p>\n","protected":false},"excerpt":{"rendered":"<p>Ramona, en el d\u00eda de ayer, firm\u00f3 el convenio para ser Subsede \u00a0del Festival de Teatro 2013, [&hellip;]<\/p>\n","protected":false},"author":3,"featured_media":0,"comment_status":"closed","ping_status":"closed","sticky":false,"template":"","format":"standard","meta":{"_jetpack_memberships_contains_paid_content":false,"footnotes":"","jetpack_publicize_message":"","jetpack_publicize_feature_enabled":true,"jetpack_social_post_already_shared":false,"jetpack_social_options":{"image_generator_settings":{"template":"highway","enabled":false}}},"categories":[31],"tags":[],"jetpack_publicize_connections":[],"jetpack_featured_media_url":"","jetpack_sharing_enabled":true,"_links":{"self":[{"href":"http:\/\/enteculturalsantafesino.com.ar\/usina2\/wp-json\/wp\/v2\/posts\/10414"}],"collection":[{"href":"http:\/\/enteculturalsantafesino.com.ar\/usina2\/wp-json\/wp\/v2\/posts"}],"about":[{"href":"http:\/\/enteculturalsantafesino.com.ar\/usina2\/wp-json\/wp\/v2\/types\/post"}],"author":[{"embeddable":true,"href":"http:\/\/enteculturalsantafesino.com.ar\/usina2\/wp-json\/wp\/v2\/users\/3"}],"replies":[{"embeddable":true,"href":"http:\/\/enteculturalsantafesino.com.ar\/usina2\/wp-json\/wp\/v2\/comments?post=10414"}],"version-history":[{"count":0,"href":"http:\/\/enteculturalsantafesino.com.ar\/usina2\/wp-json\/wp\/v2\/posts\/10414\/revisions"}],"wp:attachment":[{"href":"http:\/\/enteculturalsantafesino.com.ar\/usina2\/wp-json\/wp\/v2\/media?parent=10414"}],"wp:term":[{"taxonomy":"category","embeddable":true,"href":"http:\/\/enteculturalsantafesino.com.ar\/usina2\/wp-json\/wp\/v2\/categories?post=10414"},{"taxonomy":"post_tag","embeddable":true,"href":"http:\/\/enteculturalsantafesino.com.ar\/usina2\/wp-json\/wp\/v2\/tags?post=10414"}],"curies":[{"name":"wp","href":"https:\/\/api.w.org\/{rel}","templated":true}]}}